{"id":23247,"date":"2020-09-19T00:42:13","date_gmt":"2020-09-19T03:42:13","guid":{"rendered":"http:\/\/www.adufpb.org.br\/site\/?p=23247"},"modified":"2020-09-19T00:42:13","modified_gmt":"2020-09-19T03:42:13","slug":"ciclo-de-dialogos-sobre-o-centenario-de-paulo-freire-acontece-neste-sabado-19-9","status":"publish","type":"post","link":"https:\/\/www.adufpb.org.br\/site\/ciclo-de-dialogos-sobre-o-centenario-de-paulo-freire-acontece-neste-sabado-19-9\/","title":{"rendered":"Ciclo de Di\u00e1logos sobre o centen\u00e1rio de Paulo Freire acontece neste s\u00e1bado (19\/9)"},"content":{"rendered":"<p>Grupos e N\u00facleos de estudo, pesquisa e extens\u00e3o da UFPB e representantes de movimentos sociais participam neste s\u00e1bado, 19\/9, a partir das 16h, do Ciclo de Di\u00e1logos &#8220;Trilhando na Constru\u00e7\u00e3o do Centen\u00e1rio Paulo Freire&#8221;. O evento ser\u00e1 totalmente on-line, com transmiss\u00e3o pelo canal da ADUFPB no YouTube (www.youtube.com\/ADUFPB).<\/p>\n<p>O evento \u00e9 uma realiza\u00e7\u00e3o do Grupo de Estudos e Pesquisa da Pedagogia Paulo Freire (GEPPF\/UFPB), do Observat\u00f3rio da Educa\u00e7\u00e3o Popular\/UFPB e da Comiss\u00e3o dos Grupos de Pesquisa que t\u00eam Paulo Freire como fundamentos de estudos.<\/p>\n<p>Veja abaixo a programa\u00e7\u00e3o e os palestrantes:<\/p>\n<p><span style=\"text-decoration: underline;\"><strong>PROGRAMA\u00c7\u00c3O <\/strong><\/span><br \/>\n<span style=\"text-decoration: underline;\"><strong>16:00 &#8211; Solenidade de abertura<\/strong><\/span><br \/>\nProf.\u00aa Rita de Cassia Cavalcanti Porto \u2013 ANFOPE \u2013 FEEPB -Rede Freireana de Pesquisadores &#8211; GTPE\/ADUFPB &#8211; UFPB<br \/>\nProf. Dailton Alencar de Lacerda &#8211; Coordena\u00e7\u00e3o de Educa\u00e7\u00e3o Popular da PRAC\/UFPB<br \/>\nProf. Wilson Honorato Arag\u00e3o &#8211; Diretor do Centro de Educa\u00e7\u00e3o da UFPB<br \/>\nProf.\u00aa Fabiana Sena &#8211; Coord. do Programa de P\u00f3s-Gradua\u00e7\u00e3o em Educa\u00e7\u00e3o (PPGE\/UFPB)<br \/>\nProf. Fernando Jos\u00e9 de Paula Cunha &#8211; UFPB &#8211; Presidente da AdufPB<br \/>\nProf. Gustavo Barbosa De Mesquita Batista &#8211; Coord. do Programa de P\u00f3s-Gradua\u00e7\u00e3o em Direitos Humanos (PPGDH)<br \/>\nProf. Severino Bezerra da Silva \u2013 Coord. da linha de pesquisa Educa\u00e7\u00e3o Popular &#8211; PPGE\/UFPB<br \/>\nCoordena\u00e7\u00e3o da live &#8211; Prof. Orlandil de Lima Moreira &#8211; Observat\u00f3rio da Educa\u00e7\u00e3o Popular &#8211; UFPB<\/p>\n<p><span style=\"text-decoration: underline;\"><strong>C\u00cdRCULO DE DI\u00c1LOGO: mem\u00f3rias e jornadas dos grupos e n\u00facleos de estudos.<\/strong><\/span><br \/>\nProf.\u00aa Adelaide Pereira &#8211; RESAB\/PB<br \/>\nProf. Afonso Celso Scocuglia &#8211; C\u00e1tedra Paulo Freire da UFPB<br \/>\nProf.\u00aa Andr\u00e9a Alice &#8211; UFRPE &#8211; EXTELAR\/UFPB<br \/>\nProf. Alexandre Magno Tavares da Silva &#8211; PoliTecnik &#8211; GEPPF\/UFPB<br \/>\nProf.\u00aa Aline Machado &#8211; GEPEDUPSS\/UFPB<br \/>\nProf. Erenildo Jo\u00e3o Carlos &#8211; GEPEDIVE\/UFPB<br \/>\nProf. Jos\u00e9 Cristov\u00e3o de Andrade &#8211; GESPAUF\/UEPB<br \/>\nProf.\u00aa Maria Margareth de Lima &#8211; Observat\u00f3rio da Educa\u00e7\u00e3o Popular &#8211; UFPB<br \/>\nProf.\u00aa Maria Ros\u00e2ngela da Silva &#8211; SEDUP\/PB<br \/>\nProf. Paulo Roberto Palhano Silva &#8211; GEPeeeS\/UFPB<br \/>\nProf.\u00aa Qu\u00e9zia Vila Flor Furtado &#8211; EJA e EP &#8211; A pesquisa a servi\u00e7o da pr\u00e1tica educativa &#8211; UFPB<br \/>\nProf.\u00aa Raquel Melo &#8211; RESISTA\/UEPB<br \/>\nProf.\u00aa Rita de Cassia Cavalcanti Porto &#8211; GEPPF\/UFPB &#8211; Rede Freireana de Pesquisadores<br \/>\nProf.\u00aa Suel\u00eddia Maria Cala\u00e7a &#8211; PET &#8211; NCDH\/UFPB<\/p>\n<p><span style=\"text-decoration: underline;\"><strong>18:30 &#8211; LAN\u00c7AMENTO DA REDE PAULO FREIRE DO NORDESTE<\/strong><\/span><br \/>\nCOORDENA\u00c7\u00c3O: Prof. Jos\u00e9 Luiz Ferreira &#8211; UFCG<\/p>\n<p><span style=\"text-decoration: underline;\"><strong>18h:30min &#8211; ENCERAMENTO<\/strong><\/span><\/p>\n<p><em>Fonte: Ascom ADUFPB<\/em><\/p>\n","protected":false},"excerpt":{"rendered":"<p>Grupos e N\u00facleos de estudo, pesquisa e extens\u00e3o da UFPB e representantes de movimentos sociais participam neste s\u00e1bado, 19\/9, a partir das 16h, do Ciclo de Di\u00e1logos &#8220;Trilhando na Constru\u00e7\u00e3o do Centen\u00e1rio Paulo Freire&#8221;. O evento ser\u00e1 totalmente on-line, com transmiss\u00e3o pelo canal da ADUFPB no YouTube (www.youtube.com\/ADUFPB). O evento \u00e9 uma realiza\u00e7\u00e3o do Grupo&hellip;<\/p>\n","protected":false},"author":3,"featured_media":23248,"comment_status":"closed","ping_status":"closed","sticky":false,"template":"","format":"standard","meta":{"footnotes":""},"categories":[15],"tags":[1394,1217],"class_list":["post-23247","post","type-post","status-publish","format-standard","has-post-thumbnail","hentry","category-noticias","tag-ciclo-de-dialogos","tag-paulo-freire","category-15","description-off"],"_links":{"self":[{"href":"https:\/\/www.adufpb.org.br\/site\/wp-json\/wp\/v2\/posts\/23247","targetHints":{"allow":["GET"]}}],"collection":[{"href":"https:\/\/www.adufpb.org.br\/site\/wp-json\/wp\/v2\/posts"}],"about":[{"href":"https:\/\/www.adufpb.org.br\/site\/wp-json\/wp\/v2\/types\/post"}],"author":[{"embeddable":true,"href":"https:\/\/www.adufpb.org.br\/site\/wp-json\/wp\/v2\/users\/3"}],"replies":[{"embeddable":true,"href":"https:\/\/www.adufpb.org.br\/site\/wp-json\/wp\/v2\/comments?post=23247"}],"version-history":[{"count":1,"href":"https:\/\/www.adufpb.org.br\/site\/wp-json\/wp\/v2\/posts\/23247\/revisions"}],"predecessor-version":[{"id":23249,"href":"https:\/\/www.adufpb.org.br\/site\/wp-json\/wp\/v2\/posts\/23247\/revisions\/23249"}],"wp:featuredmedia":[{"embeddable":true,"href":"https:\/\/www.adufpb.org.br\/site\/wp-json\/wp\/v2\/media\/23248"}],"wp:attachment":[{"href":"https:\/\/www.adufpb.org.br\/site\/wp-json\/wp\/v2\/media?parent=23247"}],"wp:term":[{"taxonomy":"category","embeddable":true,"href":"https:\/\/www.adufpb.org.br\/site\/wp-json\/wp\/v2\/categories?post=23247"},{"taxonomy":"post_tag","embeddable":true,"href":"https:\/\/www.adufpb.org.br\/site\/wp-json\/wp\/v2\/tags?post=23247"}],"curies":[{"name":"wp","href":"https:\/\/api.w.org\/{rel}","templated":true}]}}