{"id":23197,"date":"2020-08-18T22:54:53","date_gmt":"2020-08-19T01:54:53","guid":{"rendered":"http:\/\/www.adufpb.org.br\/site\/?p=23197"},"modified":"2020-09-01T17:30:22","modified_gmt":"2020-09-01T20:30:22","slug":"debate-da-adufpb-com-os-candidatos-a-reitoria-da-ufpb-2020","status":"publish","type":"post","link":"https:\/\/www.adufpb.org.br\/site\/debate-da-adufpb-com-os-candidatos-a-reitoria-da-ufpb-2020\/","title":{"rendered":"Debate da ADUFPB com os candidatos \u00e0 reitoria da UFPB 2020"},"content":{"rendered":"<p><iframe loading=\"lazy\" src=\"https:\/\/www.youtube.com\/embed\/DQGFrG1XsU4\" width=\"560\" height=\"315\" frameborder=\"0\" allowfullscreen=\"allowfullscreen\"><\/iframe><\/p>\n<p>A ADUFPB, em parceria com o Sintespb (Sindicato dos Trabalhadores em Ensino Superior da Para\u00edba), realiza na pr\u00f3xima ter\u00e7a-feira (18), \u00e0s 20h, um debate virtual entre os(as) candidatos(as) aos cargos de reitor(a) e vice-reitor(a) da Universidade Federal da Para\u00edba. A atividade, j\u00e1 tradicional nos processos eleitorais da UFPB, traz uma novidade este ano: os organizadores est\u00e3o convidando a comunidade universit\u00e1ria a tamb\u00e9m fazer perguntas aos(\u00e0s) candidatos(as).<\/p>\n<p>As contribui\u00e7\u00f5es podem ser enviadas at\u00e9 a meia-noite da pr\u00f3xima segunda-feira, dia 17, para o e-mail da ADUFPB (adufpb@terra.com.br) ou do Sintespb (sintespbestadual@gmail.com), por escrito ou em formato de v\u00eddeo. Elas devem ser direcionadas simultaneamente \u00e0s tr\u00eas candidaturas, portanto n\u00e3o ser\u00e3o aceitas perguntas feitas a uma candidatura espec\u00edfica.<\/p>\n<p>No caso das contribui\u00e7\u00f5es enviadas por v\u00eddeo, \u00e9 importante que a fala n\u00e3o ultrapasse o tempo de um minuto. Quatro perguntas ser\u00e3o selecionadas entre as mensagens recebidas e lidas ou reproduzidas durante o debate.<\/p>\n","protected":false},"excerpt":{"rendered":"<p>A ADUFPB, em parceria com o Sintespb (Sindicato dos Trabalhadores em Ensino Superior da Para\u00edba), realiza na pr\u00f3xima ter\u00e7a-feira (18), \u00e0s 20h, um debate virtual entre os(as) candidatos(as) aos cargos de reitor(a) e vice-reitor(a) da Universidade Federal da Para\u00edba. A atividade, j\u00e1 tradicional nos processos eleitorais da UFPB, traz uma novidade este ano: os organizadores&hellip;<\/p>\n","protected":false},"author":8,"featured_media":23198,"comment_status":"closed","ping_status":"closed","sticky":false,"template":"","format":"standard","meta":{"footnotes":""},"categories":[420,235],"tags":[895,30,1312,998],"class_list":["post-23197","post","type-post","status-publish","format-standard","has-post-thumbnail","hentry","category-multimidia","category-videos","tag-adufpb-2","tag-debate","tag-reitor","tag-ufpb","category-420","category-235","description-off"],"_links":{"self":[{"href":"https:\/\/www.adufpb.org.br\/site\/wp-json\/wp\/v2\/posts\/23197","targetHints":{"allow":["GET"]}}],"collection":[{"href":"https:\/\/www.adufpb.org.br\/site\/wp-json\/wp\/v2\/posts"}],"about":[{"href":"https:\/\/www.adufpb.org.br\/site\/wp-json\/wp\/v2\/types\/post"}],"author":[{"embeddable":true,"href":"https:\/\/www.adufpb.org.br\/site\/wp-json\/wp\/v2\/users\/8"}],"replies":[{"embeddable":true,"href":"https:\/\/www.adufpb.org.br\/site\/wp-json\/wp\/v2\/comments?post=23197"}],"version-history":[{"count":1,"href":"https:\/\/www.adufpb.org.br\/site\/wp-json\/wp\/v2\/posts\/23197\/revisions"}],"predecessor-version":[{"id":23199,"href":"https:\/\/www.adufpb.org.br\/site\/wp-json\/wp\/v2\/posts\/23197\/revisions\/23199"}],"wp:featuredmedia":[{"embeddable":true,"href":"https:\/\/www.adufpb.org.br\/site\/wp-json\/wp\/v2\/media\/23198"}],"wp:attachment":[{"href":"https:\/\/www.adufpb.org.br\/site\/wp-json\/wp\/v2\/media?parent=23197"}],"wp:term":[{"taxonomy":"category","embeddable":true,"href":"https:\/\/www.adufpb.org.br\/site\/wp-json\/wp\/v2\/categories?post=23197"},{"taxonomy":"post_tag","embeddable":true,"href":"https:\/\/www.adufpb.org.br\/site\/wp-json\/wp\/v2\/tags?post=23197"}],"curies":[{"name":"wp","href":"https:\/\/api.w.org\/{rel}","templated":true}]}}