{"id":23176,"date":"2020-07-03T22:04:53","date_gmt":"2020-07-04T01:04:53","guid":{"rendered":"http:\/\/www.adufpb.org.br\/site\/?p=23176"},"modified":"2020-08-31T12:08:24","modified_gmt":"2020-08-31T15:08:24","slug":"quinteto-da-paraiba-convida-xangai-no-terraco-cultural-virtual-da-adufpb","status":"publish","type":"post","link":"https:\/\/www.adufpb.org.br\/site\/quinteto-da-paraiba-convida-xangai-no-terraco-cultural-virtual-da-adufpb\/","title":{"rendered":"Quinteto da Para\u00edba convida Xangai no Terra\u00e7o Cultural Virtual da ADUFPB"},"content":{"rendered":"<p><iframe loading=\"lazy\" src=\"https:\/\/www.youtube.com\/embed\/UrSkSoR6EQk\" width=\"560\" height=\"315\" frameborder=\"0\" allowfullscreen=\"allowfullscreen\"><\/iframe><\/p>\n<p>O Quinteto da Para\u00edba retoma o projeto \u201cQuinteto Convida\u201d, agora em formato de \u201clive\u201d devido \u00e0s medidas de distanciamento social contra o novo coronav\u00edrus. Assim como j\u00e1 acontecia antes da pandemia, o grupo conta com o apoio da ADUFPB, que participa da organiza\u00e7\u00e3o e transmiss\u00e3o do evento.<\/p>\n<p>Ficha t\u00e9cnica:<br \/>\nADUFPB \u2013 TERRA\u00c7O CULTURAL VIRTUAL<br \/>\nPresidente do sindicato<br \/>\n-Fernando Cunha<br \/>\nDire\u00e7\u00e3o Cultural<br \/>\n-Sandra Luna<br \/>\nDire\u00e7\u00e3o de Comunica\u00e7\u00e3o<br \/>\n-Cristiano Bonneau<br \/>\nEdi\u00e7\u00e3o de Design Gr\u00e1fico<br \/>\n-Ricardo Ara\u00fajo<br \/>\nEdi\u00e7\u00e3o Audiovisual<br \/>\n-Maur\u00edcio Melo<br \/>\nDivulga\u00e7\u00e3o e M\u00eddias digitais<br \/>\n-Renata Ferreira<\/p>\n<p>QUINTETO DA PARA\u00cdBA EM CASA<br \/>\nProdu\u00e7\u00e3o e dire\u00e7\u00e3o musical:<br \/>\n-Xisto Medeiros e Quinteto da Para\u00edba<br \/>\nAssistente de Dire\u00e7\u00e3o:<br \/>\n-Maestro Carlos An\u00edsio<\/p>\n<p>V\u00cdDEOS EXIBIDOS:<br \/>\nEdi\u00e7\u00e3o de imagens<br \/>\n-Juan Medeiros<br \/>\nGrava\u00e7\u00e3o SG Studio<br \/>\n-S\u00e9rgio Gallo<br \/>\nGrava\u00e7\u00e3o de v\u00eddeos<br \/>\n-Laborat\u00f3rio de Cinema do CCTA e TV UFPB<\/p>\n","protected":false},"excerpt":{"rendered":"<p>O Quinteto da Para\u00edba retoma o projeto \u201cQuinteto Convida\u201d, agora em formato de \u201clive\u201d devido \u00e0s medidas de distanciamento social contra o novo coronav\u00edrus. Assim como j\u00e1 acontecia antes da pandemia, o grupo conta com o apoio da ADUFPB, que participa da organiza\u00e7\u00e3o e transmiss\u00e3o do evento. Ficha t\u00e9cnica: ADUFPB \u2013 TERRA\u00c7O CULTURAL VIRTUAL Presidente&hellip;<\/p>\n","protected":false},"author":8,"featured_media":23177,"comment_status":"closed","ping_status":"closed","sticky":false,"template":"","format":"standard","meta":{"footnotes":""},"categories":[420,235],"tags":[895,1221,1362,1001,1167,1378,998],"class_list":["post-23176","post","type-post","status-publish","format-standard","has-post-thumbnail","hentry","category-multimidia","category-videos","tag-adufpb-2","tag-quinteto-convida","tag-quinteto-convida-em-casa","tag-quinteto-da-paraiba","tag-terraco-cultural","tag-terraco-cultural-virtual-da-adufpb","tag-ufpb","category-420","category-235","description-off"],"_links":{"self":[{"href":"https:\/\/www.adufpb.org.br\/site\/wp-json\/wp\/v2\/posts\/23176","targetHints":{"allow":["GET"]}}],"collection":[{"href":"https:\/\/www.adufpb.org.br\/site\/wp-json\/wp\/v2\/posts"}],"about":[{"href":"https:\/\/www.adufpb.org.br\/site\/wp-json\/wp\/v2\/types\/post"}],"author":[{"embeddable":true,"href":"https:\/\/www.adufpb.org.br\/site\/wp-json\/wp\/v2\/users\/8"}],"replies":[{"embeddable":true,"href":"https:\/\/www.adufpb.org.br\/site\/wp-json\/wp\/v2\/comments?post=23176"}],"version-history":[{"count":1,"href":"https:\/\/www.adufpb.org.br\/site\/wp-json\/wp\/v2\/posts\/23176\/revisions"}],"predecessor-version":[{"id":23178,"href":"https:\/\/www.adufpb.org.br\/site\/wp-json\/wp\/v2\/posts\/23176\/revisions\/23178"}],"wp:featuredmedia":[{"embeddable":true,"href":"https:\/\/www.adufpb.org.br\/site\/wp-json\/wp\/v2\/media\/23177"}],"wp:attachment":[{"href":"https:\/\/www.adufpb.org.br\/site\/wp-json\/wp\/v2\/media?parent=23176"}],"wp:term":[{"taxonomy":"category","embeddable":true,"href":"https:\/\/www.adufpb.org.br\/site\/wp-json\/wp\/v2\/categories?post=23176"},{"taxonomy":"post_tag","embeddable":true,"href":"https:\/\/www.adufpb.org.br\/site\/wp-json\/wp\/v2\/tags?post=23176"}],"curies":[{"name":"wp","href":"https:\/\/api.w.org\/{rel}","templated":true}]}}