{"id":23173,"date":"2020-07-01T20:41:14","date_gmt":"2020-07-01T23:41:14","guid":{"rendered":"http:\/\/www.adufpb.org.br\/site\/?p=23173"},"modified":"2020-08-31T11:47:11","modified_gmt":"2020-08-31T14:47:11","slug":"realidade-brasileira-e-universidade-discute-a-preservacao-ambiental-e-a-pandemia","status":"publish","type":"post","link":"https:\/\/www.adufpb.org.br\/site\/realidade-brasileira-e-universidade-discute-a-preservacao-ambiental-e-a-pandemia\/","title":{"rendered":"Realidade Brasileira e Universidade discute a preserva\u00e7\u00e3o ambiental e a pandemia"},"content":{"rendered":"<p>Os debatedores foram o pesquisador titular da \u00e1rea de Recursos H\u00eddricos do Instituto Nacional do Semi\u00e1rido (Insa) Salom\u00e3o Medeiros, e os professores Reinaldo Farias, do DSE\/CCEN da UFPB e do Prodema, e Ricardo Lucena do Programa de P\u00f3s-gradua\u00e7\u00e3o em Educa\u00e7\u00e3o da UFPB e membro do Grupo de Trabalho de Pol\u00edtica Agr\u00e1ria, Urbana e Ambiental da ADUFPB.<\/p>\n<p>A media\u00e7\u00e3o do debate foi realizada pelo professor Guttemberg Silvino, do Centro de Ci\u00eancias Agr\u00e1rias da UFPB, campus de Areia, e coordenador do GTPAUA da ADUFPB.<\/p>\n<p><iframe loading=\"lazy\" src=\"https:\/\/www.youtube.com\/embed\/JmiGZLwMt-o\" width=\"560\" height=\"315\" frameborder=\"0\" allowfullscreen=\"allowfullscreen\"><\/iframe><\/p>\n","protected":false},"excerpt":{"rendered":"<p>Os debatedores foram o pesquisador titular da \u00e1rea de Recursos H\u00eddricos do Instituto Nacional do Semi\u00e1rido (Insa) Salom\u00e3o Medeiros, e os professores Reinaldo Farias, do DSE\/CCEN da UFPB e do Prodema, e Ricardo Lucena do Programa de P\u00f3s-gradua\u00e7\u00e3o em Educa\u00e7\u00e3o da UFPB e membro do Grupo de Trabalho de Pol\u00edtica Agr\u00e1ria, Urbana e Ambiental da&hellip;<\/p>\n","protected":false},"author":8,"featured_media":23174,"comment_status":"closed","ping_status":"closed","sticky":false,"template":"","format":"standard","meta":{"footnotes":""},"categories":[420,235],"tags":[],"class_list":["post-23173","post","type-post","status-publish","format-standard","has-post-thumbnail","hentry","category-multimidia","category-videos","category-420","category-235","description-off"],"_links":{"self":[{"href":"https:\/\/www.adufpb.org.br\/site\/wp-json\/wp\/v2\/posts\/23173","targetHints":{"allow":["GET"]}}],"collection":[{"href":"https:\/\/www.adufpb.org.br\/site\/wp-json\/wp\/v2\/posts"}],"about":[{"href":"https:\/\/www.adufpb.org.br\/site\/wp-json\/wp\/v2\/types\/post"}],"author":[{"embeddable":true,"href":"https:\/\/www.adufpb.org.br\/site\/wp-json\/wp\/v2\/users\/8"}],"replies":[{"embeddable":true,"href":"https:\/\/www.adufpb.org.br\/site\/wp-json\/wp\/v2\/comments?post=23173"}],"version-history":[{"count":1,"href":"https:\/\/www.adufpb.org.br\/site\/wp-json\/wp\/v2\/posts\/23173\/revisions"}],"predecessor-version":[{"id":23175,"href":"https:\/\/www.adufpb.org.br\/site\/wp-json\/wp\/v2\/posts\/23173\/revisions\/23175"}],"wp:featuredmedia":[{"embeddable":true,"href":"https:\/\/www.adufpb.org.br\/site\/wp-json\/wp\/v2\/media\/23174"}],"wp:attachment":[{"href":"https:\/\/www.adufpb.org.br\/site\/wp-json\/wp\/v2\/media?parent=23173"}],"wp:term":[{"taxonomy":"category","embeddable":true,"href":"https:\/\/www.adufpb.org.br\/site\/wp-json\/wp\/v2\/categories?post=23173"},{"taxonomy":"post_tag","embeddable":true,"href":"https:\/\/www.adufpb.org.br\/site\/wp-json\/wp\/v2\/tags?post=23173"}],"curies":[{"name":"wp","href":"https:\/\/api.w.org\/{rel}","templated":true}]}}