{"id":2313,"date":"2011-11-29T12:45:04","date_gmt":"2011-11-29T16:45:04","guid":{"rendered":"http:\/\/www.adufpb.org.br\/site\/?p=2313"},"modified":"2011-11-29T12:50:33","modified_gmt":"2011-11-29T16:50:33","slug":"escolhidos-os-delegados-que-representarao-a-adufpb-no-congresso-do-andes","status":"publish","type":"post","link":"https:\/\/www.adufpb.org.br\/site\/escolhidos-os-delegados-que-representarao-a-adufpb-no-congresso-do-andes\/","title":{"rendered":"Escolhidos os delegados que representar\u00e3o a ADUFPB no Congresso do Andes"},"content":{"rendered":"<p style=\"text-align: center;\"><a href=\"http:\/\/www.adufpb.org.br\/site\/wp-content\/uploads\/2011\/11\/AG-29_11_2011_vota\u00e7\u00e3o-delegados2.jpg\"><img loading=\"lazy\" decoding=\"async\" class=\"size-full wp-image-2308 aligncenter\" title=\"AG 29_11_2011_vota\u00e7\u00e3o delegados2\" src=\"http:\/\/www.adufpb.org.br\/site\/wp-content\/uploads\/2011\/11\/AG-29_11_2011_vota\u00e7\u00e3o-delegados2.jpg\" alt=\"AG 29_11_2011_vota\u00e7\u00e3o delegados2\" width=\"500\" height=\"258\" srcset=\"https:\/\/www.adufpb.org.br\/site\/wp-content\/uploads\/2011\/11\/AG-29_11_2011_vota\u00e7\u00e3o-delegados2.jpg 500w, https:\/\/www.adufpb.org.br\/site\/wp-content\/uploads\/2011\/11\/AG-29_11_2011_vota\u00e7\u00e3o-delegados2-300x154.jpg 300w\" sizes=\"auto, (max-width: 500px) 100vw, 500px\" \/><\/a><\/p>\n<p>A Assembleia Geral da ADUFPB, realizada nesta ter\u00e7a-feira (29.11) no Campus 1 (Jo\u00e3o Pessoa) elegeu os delegados que completar\u00e3o o grupo de 10 representares que v\u00e3o para o 31\u00ba Congresso Nacional do ANDES-SN \u2013 programado para acontecer em janeiro pr\u00f3ximo, na capital do Amazonas, Manaus.<\/p>\n<p>Doze candidatos se inscreveram e seis foram eleitos: Arturo Gouveia (43 votos), Terezinha Diniz (39 votos), Auta de Sousa Costa (35), Sandra Barbosa da Costa (35), Clodoaldo da Silveira Costa (34) e Jos\u00e9 Ricardo da Silva (32). O presidente da ADUFPB, Ricardo Lucena, ser\u00e1 o delegado indicado pela diretoria da entidade.<\/p>\n<p>Aos seis eleitos, e ao indicado da diretoria, se juntar\u00e3o os delegados de que j\u00e1 haviam sido escolhidos em assembleias da Secretaria Adjunta de Areia (um delegado), da Secretaria Adjunta de Bananeiras (dois delegados) e da Secretaria Adjunta do Litoral Norte (um delegado), totalizando 10, ao todo.<\/p>\n<p>Reuni\u00e3o dos delegados \u2013 Na pr\u00f3xima segunda-feira (05.12), \u00e0s 16h,\u00a0 haver\u00e1 uma reuni\u00e3o com o grupo de delegados, na sede da ADUFPB, no Campus 1, em Jo\u00e3o Pessoa. O objetivo do encontro dos delegados ser\u00e1 elaborar os encaminhamentos e propostas que o grupo levar\u00e1 para o Congresso do Andes.<\/p>\n<p>Encaminhamento \u2013 Antes da vota\u00e7\u00e3o, a assembleia aprovou o encaminhamento de uma proposta de revis\u00e3o do ac\u00f3rd\u00e3o do Superior Tribunal Federal (STF) sobre os 84,32%. Desta forma, a Assessoria Jur\u00eddica da ADUFPB ingressar\u00e1 com uma a\u00e7\u00e3o judicial, junto ao STF, com o objetivo de conseguir a revis\u00e3o e a modifica\u00e7\u00e3o do ac\u00f3rd\u00e3o \u2013 sentenciado pelo pr\u00f3prio tribunal \u2013 que impede a impetra\u00e7\u00e3o de a\u00e7\u00f5es referentes aos 84,32% que a categoria deixou de receber h\u00e1 v\u00e1rios anos.<\/p>\n<p>Segundo o professor Rui Gomes Dantas, que prop\u00f4s o encaminhamento, \u201ca a\u00e7\u00e3o judicial pretende reabrir o caminho para que se alegue o princ\u00edpio constitucional da isonomia salarial, diante da realidade vigente em que v\u00e1rios docentes da UFPB, bem como de diversas outras universidades federais, recebem, efetivamente, nos seus sal\u00e1rios, os referidos 84,32%, enquanto os demais ficam a ver navios.\u201d<\/p>\n<p><a href=\"http:\/\/www.adufpb.org.br\/site\/wp-content\/uploads\/2011\/11\/AG-29_11_2011_vota\u00e7\u00e3o-delegados.jpg\"><img loading=\"lazy\" decoding=\"async\" class=\"alignnone size-medium wp-image-2307\" title=\"AG 29_11_2011_vota\u00e7\u00e3o delegados\" src=\"http:\/\/www.adufpb.org.br\/site\/wp-content\/uploads\/2011\/11\/AG-29_11_2011_vota\u00e7\u00e3o-delegados-229x300.jpg\" alt=\"AG 29_11_2011_vota\u00e7\u00e3o delegados\" width=\"160\" height=\"208\" \/><\/a><a href=\"http:\/\/www.adufpb.org.br\/site\/wp-content\/uploads\/2011\/11\/AG-29_11_2011_vota\u00e7\u00e3o-delegados5.jpg\"><img loading=\"lazy\" decoding=\"async\" class=\"alignnone size-medium wp-image-2311\" title=\"AG 29_11_2011_vota\u00e7\u00e3o delegados5\" src=\"http:\/\/www.adufpb.org.br\/site\/wp-content\/uploads\/2011\/11\/AG-29_11_2011_vota\u00e7\u00e3o-delegados5-229x300.jpg\" alt=\"AG 29_11_2011_vota\u00e7\u00e3o delegados5\" width=\"160\" height=\"210\" srcset=\"https:\/\/www.adufpb.org.br\/site\/wp-content\/uploads\/2011\/11\/AG-29_11_2011_vota\u00e7\u00e3o-delegados5-229x300.jpg 229w, https:\/\/www.adufpb.org.br\/site\/wp-content\/uploads\/2011\/11\/AG-29_11_2011_vota\u00e7\u00e3o-delegados5.jpg 400w\" sizes=\"auto, (max-width: 160px) 100vw, 160px\" \/><\/a><a href=\"http:\/\/www.adufpb.org.br\/site\/wp-content\/uploads\/2011\/11\/AG-29_11_2011_vota\u00e7\u00e3o-delegados6.jpg\"><img loading=\"lazy\" decoding=\"async\" class=\"alignnone size-medium wp-image-2312\" title=\"AG 29_11_2011_vota\u00e7\u00e3o delegados6\" src=\"http:\/\/www.adufpb.org.br\/site\/wp-content\/uploads\/2011\/11\/AG-29_11_2011_vota\u00e7\u00e3o-delegados6-229x300.jpg\" alt=\"AG 29_11_2011_vota\u00e7\u00e3o delegados6\" width=\"160\" height=\"209\" srcset=\"https:\/\/www.adufpb.org.br\/site\/wp-content\/uploads\/2011\/11\/AG-29_11_2011_vota\u00e7\u00e3o-delegados6-229x300.jpg 229w, https:\/\/www.adufpb.org.br\/site\/wp-content\/uploads\/2011\/11\/AG-29_11_2011_vota\u00e7\u00e3o-delegados6.jpg 400w\" sizes=\"auto, (max-width: 160px) 100vw, 160px\" \/><\/a><\/p>\n<p><a href=\"http:\/\/www.adufpb.org.br\/site\/wp-content\/uploads\/2011\/11\/AG-29_11_2011_mesa-diretora.jpg\"><img loading=\"lazy\" decoding=\"async\" class=\"alignnone size-medium wp-image-2306\" title=\"AG 29_11_2011_mesa diretora\" src=\"http:\/\/www.adufpb.org.br\/site\/wp-content\/uploads\/2011\/11\/AG-29_11_2011_mesa-diretora-300x213.jpg\" alt=\"AG 29_11_2011_mesa diretora\" width=\"160\" height=\"112\" \/><\/a><a href=\"http:\/\/www.adufpb.org.br\/site\/wp-content\/uploads\/2011\/11\/AG-29_11_2011_vota\u00e7\u00e3o-delegados3.jpg\"><img loading=\"lazy\" decoding=\"async\" class=\"alignnone size-medium wp-image-2309\" title=\"AG 29_11_2011_vota\u00e7\u00e3o delegados3\" src=\"http:\/\/www.adufpb.org.br\/site\/wp-content\/uploads\/2011\/11\/AG-29_11_2011_vota\u00e7\u00e3o-delegados3-300x213.jpg\" alt=\"AG 29_11_2011_vota\u00e7\u00e3o delegados3\" width=\"160\" height=\"113\" srcset=\"https:\/\/www.adufpb.org.br\/site\/wp-content\/uploads\/2011\/11\/AG-29_11_2011_vota\u00e7\u00e3o-delegados3-300x213.jpg 300w, https:\/\/www.adufpb.org.br\/site\/wp-content\/uploads\/2011\/11\/AG-29_11_2011_vota\u00e7\u00e3o-delegados3.jpg 500w\" sizes=\"auto, (max-width: 160px) 100vw, 160px\" \/><\/a><a href=\"http:\/\/www.adufpb.org.br\/site\/wp-content\/uploads\/2011\/11\/AG-29_11_2011_vota\u00e7\u00e3o-delegados4.jpg\"><img loading=\"lazy\" decoding=\"async\" class=\"alignnone size-medium wp-image-2310\" title=\"AG 29_11_2011_vota\u00e7\u00e3o delegados4\" src=\"http:\/\/www.adufpb.org.br\/site\/wp-content\/uploads\/2011\/11\/AG-29_11_2011_vota\u00e7\u00e3o-delegados4-300x213.jpg\" alt=\"AG 29_11_2011_vota\u00e7\u00e3o delegados4\" width=\"160\" height=\"113\" srcset=\"https:\/\/www.adufpb.org.br\/site\/wp-content\/uploads\/2011\/11\/AG-29_11_2011_vota\u00e7\u00e3o-delegados4-300x213.jpg 300w, https:\/\/www.adufpb.org.br\/site\/wp-content\/uploads\/2011\/11\/AG-29_11_2011_vota\u00e7\u00e3o-delegados4.jpg 500w\" sizes=\"auto, (max-width: 160px) 100vw, 160px\" \/><\/a><\/p>\n","protected":false},"excerpt":{"rendered":"<p>A Assembleia Geral da ADUFPB, realizada nesta ter\u00e7a-feira (29.11) no Campus 1 (Jo\u00e3o Pessoa) elegeu os delegados que completar\u00e3o o grupo de 10 representares que v\u00e3o para o 31\u00ba Congresso Nacional do ANDES-SN \u2013 programado para acontecer em janeiro pr\u00f3ximo, na capital do Amazonas, Manaus. Doze candidatos se inscreveram e seis foram eleitos: Arturo Gouveia&hellip;<\/p>\n","protected":false},"author":1,"featured_media":0,"comment_status":"open","ping_status":"open","sticky":false,"template":"","format":"standard","meta":{"footnotes":""},"categories":[15],"tags":[],"class_list":["post-2313","post","type-post","status-publish","format-standard","hentry","category-noticias","category-15","description-off"],"_links":{"self":[{"href":"https:\/\/www.adufpb.org.br\/site\/wp-json\/wp\/v2\/posts\/2313","targetHints":{"allow":["GET"]}}],"collection":[{"href":"https:\/\/www.adufpb.org.br\/site\/wp-json\/wp\/v2\/posts"}],"about":[{"href":"https:\/\/www.adufpb.org.br\/site\/wp-json\/wp\/v2\/types\/post"}],"author":[{"embeddable":true,"href":"https:\/\/www.adufpb.org.br\/site\/wp-json\/wp\/v2\/users\/1"}],"replies":[{"embeddable":true,"href":"https:\/\/www.adufpb.org.br\/site\/wp-json\/wp\/v2\/comments?post=2313"}],"version-history":[{"count":6,"href":"https:\/\/www.adufpb.org.br\/site\/wp-json\/wp\/v2\/posts\/2313\/revisions"}],"predecessor-version":[{"id":2319,"href":"https:\/\/www.adufpb.org.br\/site\/wp-json\/wp\/v2\/posts\/2313\/revisions\/2319"}],"wp:attachment":[{"href":"https:\/\/www.adufpb.org.br\/site\/wp-json\/wp\/v2\/media?parent=2313"}],"wp:term":[{"taxonomy":"category","embeddable":true,"href":"https:\/\/www.adufpb.org.br\/site\/wp-json\/wp\/v2\/categories?post=2313"},{"taxonomy":"post_tag","embeddable":true,"href":"https:\/\/www.adufpb.org.br\/site\/wp-json\/wp\/v2\/tags?post=2313"}],"curies":[{"name":"wp","href":"https:\/\/api.w.org\/{rel}","templated":true}]}}