{"id":23104,"date":"2020-08-14T10:16:45","date_gmt":"2020-08-14T13:16:45","guid":{"rendered":"http:\/\/www.adufpb.org.br\/site\/?p=23104"},"modified":"2020-08-23T18:43:00","modified_gmt":"2020-08-23T21:43:00","slug":"adufpb-e-sintespb-promovem-debate-virtual-para-eleicao-de-reitora-e-convidam-comunidade-a-mandar-perguntas","status":"publish","type":"post","link":"https:\/\/www.adufpb.org.br\/site\/adufpb-e-sintespb-promovem-debate-virtual-para-eleicao-de-reitora-e-convidam-comunidade-a-mandar-perguntas\/","title":{"rendered":"ADUFPB e Sintespb promovem debate virtual para elei\u00e7\u00e3o de reitor(a) e convidam comunidade a mandar perguntas"},"content":{"rendered":"<p><span style=\"font-weight: 400;\">A ADUFPB, em parceria com o Sintespb (Sindicato dos Trabalhadores em Ensino Superior da Para\u00edba), realiza na pr\u00f3xima ter\u00e7a-feira (18), \u00e0s 20h, um debate virtual entre os(as) candidatos(as) aos cargos de reitor(a) e vice-reitor(a) da Universidade Federal da Para\u00edba. A atividade, j\u00e1 tradicional nos processos eleitorais da UFPB, traz uma novidade este ano: os organizadores est\u00e3o convidando a comunidade universit\u00e1ria a tamb\u00e9m fazer perguntas aos(\u00e0s) candidatos(as).<\/span><\/p>\n<p><span style=\"font-weight: 400;\">As contribui\u00e7\u00f5es podem ser enviadas at\u00e9 a meia-noite da pr\u00f3xima segunda-feira, dia 17, para o e-mail da ADUFPB (adufpb@terra.com.br) ou do Sintespb (sintespbestadual@gmail.com), por escrito ou em formato de v\u00eddeo. Elas devem ser direcionadas simultaneamente \u00e0s tr\u00eas candidaturas, portanto n\u00e3o ser\u00e3o aceitas perguntas feitas a uma candidatura espec\u00edfica.\u00a0<\/span><\/p>\n<p><span style=\"font-weight: 400;\">No caso das contribui\u00e7\u00f5es enviadas por v\u00eddeo, \u00e9 importante que a fala n\u00e3o ultrapasse o tempo de um minuto. Quatro perguntas ser\u00e3o selecionadas entre as mensagens recebidas e lidas ou reproduzidas durante o debate.<\/span><\/p>\n<p><b>Como ser\u00e1<\/b><\/p>\n<p><span style=\"font-weight: 400;\">O debate ocorrer\u00e1 por meio de plataforma de videoconfer\u00eancia, com transmiss\u00e3o ao vivo pelo canal da ADUFPB no Youtube. Ele ser\u00e1 dividido em quatro blocos. No primeiro, os(as) candidatos(as) ter\u00e3o cinco minutos, cada, para expor a proposta de trabalho apresentada na Carta Programa.<\/span><\/p>\n<p><span style=\"font-weight: 400;\">No segundo bloco, ser\u00e3o feitas quatro perguntas elaboradas pelas diretorias dos sindicatos organizadores sobre temas de interesse da comunidade universit\u00e1ria. Os(as) candidatos(as) ter\u00e3o tr\u00eas minutos para responder a cada uma das quest\u00f5es (que ser\u00e3o id\u00eanticas para todas as candidaturas).<\/span><\/p>\n<p><span style=\"font-weight: 400;\">O terceiro bloco \u00e9 o que trar\u00e1 as contribui\u00e7\u00f5es da comunidade universit\u00e1ria. As quatro perguntas selecionadas ser\u00e3o lidas ou reproduzidas uma a uma, e os(as) candidatos(as) ter\u00e3o tr\u00eas minutos para responder. No quarto bloco, ser\u00e3o feitas as considera\u00e7\u00f5es finais e cada candidatura ter\u00e1 cinco minutos de fala.<\/span><\/p>\n<p><span style=\"font-weight: 400;\">No total, a previs\u00e3o \u00e9 de que o debate dure cerca de duas horas. A modera\u00e7\u00e3o ficar\u00e1 a cargo do presidente da ADUFPB, Fernando Cunha, e da diretora de G\u00eaneros, Ra\u00e7as e Etnias do Sintespb, Lourdes Teixeira.<\/span><\/p>\n<p><span style=\"font-weight: 400;\">De acordo com Fernando Cunha, a proposta \u00e9 oferecer subs\u00eddios para que a comunidade universit\u00e1ria possa fazer a escolha do(a) pr\u00f3ximo(a) reitor(a). \u201cFazemos aqui uma convoca\u00e7\u00e3o aos docentes para que eles participem do processo eleitoral, exer\u00e7am seu direito de voto e escolham o melhor para a UFPB\u201d, declarou.<\/span><\/p>\n<p><b>Sobre a elei\u00e7\u00e3o<\/b><\/p>\n<p><span style=\"font-weight: 400;\">A elei\u00e7\u00e3o para reitor(a) e vice-reitor(a) da institui\u00e7\u00e3o est\u00e1 marcada para o dia 26 deste m\u00eas e ser\u00e1 realizado de forma virtual, pelo sistema SigElei\u00e7\u00e3o da UFPB, das 7h \u00e0s 22h. A vota\u00e7\u00e3o ocorrer\u00e1 em turno \u00fanico e t\u00eam direito a voto os professores, os servidores t\u00e9cnico-administrativos e os estudantes.\u00a0<\/span><\/p>\n<p><span style=\"font-weight: 400;\">Por ordem de inscri\u00e7\u00e3o, as chapas concorrentes s\u00e3o as seguintes: \u201cOrgulho de ser UFPB\u201d &#8211; Valdiney Veloso Gouveia (reitor) e Liana Filgueira Albuquerque (vice-reitora); \u201cInova\u00e7\u00e3o com inclus\u00e3o\u201d &#8211; Terezinha Domiciano Dantas Martins (reitora) e M\u00f4nica N\u00f3brega (vice-reitora); e \u201cUFPB em primeiro lugar\u201d &#8211; Isac Almeida de Medeiros (reitor) e Regina Celi Mendes Pereira da Silva (vice-reitora).<\/span><\/p>\n<p><span style=\"text-decoration: underline;\"><b>AGENDE-SE<\/b><\/span><\/p>\n<p><b>Debate virtual para a elei\u00e7\u00e3o de reitor(a) da UFPB<\/b><\/p>\n<p><em><span style=\"font-weight: 400;\">Organiza\u00e7\u00e3o: ADUFPB e Sintespb<\/span><\/em><\/p>\n<p><b>Data:<\/b><span style=\"font-weight: 400;\"> 18\/8, ter\u00e7a-feira<\/span><\/p>\n<p><b>Hor\u00e1rio:<\/b><span style=\"font-weight: 400;\"> 20h<\/span><\/p>\n<p><i><span style=\"font-weight: 400;\">Transmiss\u00e3o pelo canal da ADUFPB no Youtube (www.youtube.com\/ADUFPB)<\/span><\/i><\/p>\n<p><b>ATEN\u00c7\u00c3O: Mande sua pergunta, em texto ou em v\u00eddeo, para o e-mail adufpb@terra.com.br<\/b><\/p>\n<p><em>Fonte: Ascom ADUFPB<\/em><\/p>\n","protected":false},"excerpt":{"rendered":"<p>A ADUFPB, em parceria com o Sintespb (Sindicato dos Trabalhadores em Ensino Superior da Para\u00edba), realiza na pr\u00f3xima ter\u00e7a-feira (18), \u00e0s 20h, um debate virtual entre os(as) candidatos(as) aos cargos de reitor(a) e vice-reitor(a) da Universidade Federal da Para\u00edba. A atividade, j\u00e1 tradicional nos processos eleitorais da UFPB, traz uma novidade este ano: os organizadores&hellip;<\/p>\n","protected":false},"author":3,"featured_media":23105,"comment_status":"closed","ping_status":"closed","sticky":false,"template":"","format":"standard","meta":{"footnotes":""},"categories":[15,417],"tags":[30,723,214],"class_list":["post-23104","post","type-post","status-publish","format-standard","has-post-thumbnail","hentry","category-noticias","category-noticias-destaque","tag-debate","tag-eleicao-na-ufpb","tag-eleicao-para-reitor","category-15","category-417","description-off"],"_links":{"self":[{"href":"https:\/\/www.adufpb.org.br\/site\/wp-json\/wp\/v2\/posts\/23104","targetHints":{"allow":["GET"]}}],"collection":[{"href":"https:\/\/www.adufpb.org.br\/site\/wp-json\/wp\/v2\/posts"}],"about":[{"href":"https:\/\/www.adufpb.org.br\/site\/wp-json\/wp\/v2\/types\/post"}],"author":[{"embeddable":true,"href":"https:\/\/www.adufpb.org.br\/site\/wp-json\/wp\/v2\/users\/3"}],"replies":[{"embeddable":true,"href":"https:\/\/www.adufpb.org.br\/site\/wp-json\/wp\/v2\/comments?post=23104"}],"version-history":[{"count":1,"href":"https:\/\/www.adufpb.org.br\/site\/wp-json\/wp\/v2\/posts\/23104\/revisions"}],"predecessor-version":[{"id":23106,"href":"https:\/\/www.adufpb.org.br\/site\/wp-json\/wp\/v2\/posts\/23104\/revisions\/23106"}],"wp:featuredmedia":[{"embeddable":true,"href":"https:\/\/www.adufpb.org.br\/site\/wp-json\/wp\/v2\/media\/23105"}],"wp:attachment":[{"href":"https:\/\/www.adufpb.org.br\/site\/wp-json\/wp\/v2\/media?parent=23104"}],"wp:term":[{"taxonomy":"category","embeddable":true,"href":"https:\/\/www.adufpb.org.br\/site\/wp-json\/wp\/v2\/categories?post=23104"},{"taxonomy":"post_tag","embeddable":true,"href":"https:\/\/www.adufpb.org.br\/site\/wp-json\/wp\/v2\/tags?post=23104"}],"curies":[{"name":"wp","href":"https:\/\/api.w.org\/{rel}","templated":true}]}}