{"id":23101,"date":"2020-08-13T17:10:42","date_gmt":"2020-08-13T20:10:42","guid":{"rendered":"http:\/\/www.adufpb.org.br\/site\/?p=23101"},"modified":"2020-10-07T21:38:32","modified_gmt":"2020-10-08T00:38:32","slug":"gt-carreira-realiza-reuniao-na-proxima-quarta-feira-19-8","status":"publish","type":"post","link":"https:\/\/www.adufpb.org.br\/site\/gt-carreira-realiza-reuniao-na-proxima-quarta-feira-19-8\/","title":{"rendered":"GT Carreira realiza reuni\u00e3o na pr\u00f3xima quarta-feira (19\/8)"},"content":{"rendered":"<p class=\"m_4911228704420149689yiv5714307636msonormal\"><span style=\"font-size: 14pt;\">A Diretoria Executiva e o Coordenador do GT Carreira da ADUFPB convidam V. Sa. para uma reuni\u00e3o virtual, a se realizar no pr\u00f3ximo\u00a0<b><u>dia\u00a019\/08\/20 (quarta-feira), \u00e0s 15h00<\/u><\/b><u>,<\/u>\u00a0tendo como ponto de\u00a0<i><u>pauta\u00a0<b>especifica tratar das progress\u00f5es funcionais nesse per\u00edodo excepcional e suplementar.<\/b><\/u><\/i><\/span><\/p>\n<p class=\"m_4911228704420149689yiv5714307636msonormal\"><span style=\"font-size: 14pt;\">Aguardando a sua participa\u00e7\u00e3o, enviamos as nossas<u><\/u><u><\/u><\/span><\/p>\n<p class=\"m_4911228704420149689yiv5714307636msonormal\"><span style=\"font-size: 14pt;\">Sauda\u00e7\u00f5es Sindicais e Universit\u00e1rias.<u><\/u><u><\/u><\/span><\/p>\n<p class=\"m_4911228704420149689yiv5714307636msonormal\"><span style=\"font-size: 14pt;\">\u00a0<u><\/u><u><\/u><\/span><\/p>\n<p class=\"m_4911228704420149689yiv5714307636msonormal\"><span style=\"font-size: 14pt;\"><b><i>Marcelo Sitcovsky<\/i><\/b><u><\/u><u><\/u><\/span><\/p>\n<p class=\"m_4911228704420149689yiv5714307636msonormal\"><span style=\"font-size: 14pt;\">Coordenador do GT-Carreira\/ADUFPB<\/span><\/p>\n","protected":false},"excerpt":{"rendered":"<p>A Diretoria Executiva e o Coordenador do GT Carreira da ADUFPB convidam V. Sa. para uma reuni\u00e3o virtual, a se realizar no pr\u00f3ximo\u00a0dia\u00a019\/08\/20 (quarta-feira), \u00e0s 15h00,\u00a0tendo como ponto de\u00a0pauta\u00a0especifica tratar das progress\u00f5es funcionais nesse per\u00edodo excepcional e suplementar. Aguardando a sua participa\u00e7\u00e3o, enviamos as nossas Sauda\u00e7\u00f5es Sindicais e Universit\u00e1rias. \u00a0 Marcelo Sitcovsky Coordenador do GT-Carreira\/ADUFPB<\/p>\n","protected":false},"author":3,"featured_media":23485,"comment_status":"closed","ping_status":"closed","sticky":false,"template":"","format":"standard","meta":{"footnotes":""},"categories":[15],"tags":[],"class_list":["post-23101","post","type-post","status-publish","format-standard","has-post-thumbnail","hentry","category-noticias","category-15","description-off"],"_links":{"self":[{"href":"https:\/\/www.adufpb.org.br\/site\/wp-json\/wp\/v2\/posts\/23101","targetHints":{"allow":["GET"]}}],"collection":[{"href":"https:\/\/www.adufpb.org.br\/site\/wp-json\/wp\/v2\/posts"}],"about":[{"href":"https:\/\/www.adufpb.org.br\/site\/wp-json\/wp\/v2\/types\/post"}],"author":[{"embeddable":true,"href":"https:\/\/www.adufpb.org.br\/site\/wp-json\/wp\/v2\/users\/3"}],"replies":[{"embeddable":true,"href":"https:\/\/www.adufpb.org.br\/site\/wp-json\/wp\/v2\/comments?post=23101"}],"version-history":[{"count":1,"href":"https:\/\/www.adufpb.org.br\/site\/wp-json\/wp\/v2\/posts\/23101\/revisions"}],"predecessor-version":[{"id":23102,"href":"https:\/\/www.adufpb.org.br\/site\/wp-json\/wp\/v2\/posts\/23101\/revisions\/23102"}],"wp:featuredmedia":[{"embeddable":true,"href":"https:\/\/www.adufpb.org.br\/site\/wp-json\/wp\/v2\/media\/23485"}],"wp:attachment":[{"href":"https:\/\/www.adufpb.org.br\/site\/wp-json\/wp\/v2\/media?parent=23101"}],"wp:term":[{"taxonomy":"category","embeddable":true,"href":"https:\/\/www.adufpb.org.br\/site\/wp-json\/wp\/v2\/categories?post=23101"},{"taxonomy":"post_tag","embeddable":true,"href":"https:\/\/www.adufpb.org.br\/site\/wp-json\/wp\/v2\/tags?post=23101"}],"curies":[{"name":"wp","href":"https:\/\/api.w.org\/{rel}","templated":true}]}}