{"id":23052,"date":"2020-08-03T09:53:18","date_gmt":"2020-08-03T12:53:18","guid":{"rendered":"http:\/\/www.adufpb.org.br\/site\/?p=23052"},"modified":"2020-10-07T21:45:46","modified_gmt":"2020-10-08T00:45:46","slug":"nota-de-pesar-avani-lucia-dantas","status":"publish","type":"post","link":"https:\/\/www.adufpb.org.br\/site\/nota-de-pesar-avani-lucia-dantas\/","title":{"rendered":"NOTA DE PESAR &#8211; Avani L\u00facia Dantas"},"content":{"rendered":"<p><span style=\"font-size: 14pt;\"><a class=\"dt-pswp-item\" href=\"http:\/\/www.adufpb.org.br\/site\/wp-content\/uploads\/2020\/08\/avani-lucia-dantas.png\" data-dt-img-description=\"\" data-large_image_width=\"253\" data-large_image_height=\"295\"><img loading=\"lazy\" decoding=\"async\" class=\"alignleft wp-image-23053 size-full\" src=\"http:\/\/www.adufpb.org.br\/site\/wp-content\/uploads\/2020\/08\/avani-lucia-dantas.png\" alt=\"\" width=\"253\" height=\"295\" \/><\/a><a class=\"dt-pswp-item\" href=\"http:\/\/www.adufpb.org.br\/site\/wp-content\/uploads\/2020\/08\/avani-lucia-dantas-2.jpg\" data-dt-img-description=\"\" data-large_image_width=\"160\" data-large_image_height=\"294\"><img loading=\"lazy\" decoding=\"async\" class=\"aligncenter size-medium wp-image-23054\" src=\"http:\/\/www.adufpb.org.br\/site\/wp-content\/uploads\/2020\/08\/avani-lucia-dantas-2.jpg\" alt=\"\" width=\"160\" height=\"294\" \/><\/a><\/span><\/p>\n<p>&nbsp;<\/p>\n<p>&nbsp;<\/p>\n<p><span style=\"font-size: 14pt;\">A Diretoria Executiva e Funcion\u00e1rios da ADUFPB v\u00eam a p\u00fablico manifestar profundo pesar pelo falecimento de\u00a0<strong>AVANI L\u00daCIA DANTAS<\/strong>,\u00a0professora aposentada do Departamento de Metodologia da Educa\u00e7\u00e3o, do Centro de Educa\u00e7\u00e3o (CE), da Universidade Federal da Para\u00edba.<\/span><\/p>\n<p><span style=\"font-size: 14pt;\">A professora\u00a0<strong>AVANI\u00a0<\/strong>era sindicalizada da ADUFPB desde 14\/07\/1993.\u00a0Aos membros da fam\u00edlia e amigos, nossos sentimentos\u00a0e solidariedade.<\/span><\/p>\n<p>&nbsp;<\/p>\n<p style=\"text-align: center;\"><span style=\"font-size: 14pt;\">Jo\u00e3o Pessoa, 02 de agosto de 2020.<\/span><\/p>\n<p style=\"text-align: center;\"><span style=\"font-size: 14pt;\"><strong>DIRETORIA EXECUTIVA<\/strong><\/span><br \/>\n<span style=\"font-size: 14pt;\"><strong>FUNCION\u00c1RIOS DA ADUFPB<\/strong><\/span><\/p>\n","protected":false},"excerpt":{"rendered":"<p>&nbsp; &nbsp; A Diretoria Executiva e Funcion\u00e1rios da ADUFPB v\u00eam a p\u00fablico manifestar profundo pesar pelo falecimento de\u00a0AVANI L\u00daCIA DANTAS,\u00a0professora aposentada do Departamento de Metodologia da Educa\u00e7\u00e3o, do Centro de Educa\u00e7\u00e3o (CE), da Universidade Federal da Para\u00edba. A professora\u00a0AVANI\u00a0era sindicalizada da ADUFPB desde 14\/07\/1993.\u00a0Aos membros da fam\u00edlia e amigos, nossos sentimentos\u00a0e solidariedade. &nbsp; Jo\u00e3o Pessoa,&hellip;<\/p>\n","protected":false},"author":3,"featured_media":23054,"comment_status":"closed","ping_status":"closed","sticky":false,"template":"","format":"standard","meta":{"footnotes":""},"categories":[15],"tags":[],"class_list":["post-23052","post","type-post","status-publish","format-standard","has-post-thumbnail","hentry","category-noticias","category-15","description-off"],"_links":{"self":[{"href":"https:\/\/www.adufpb.org.br\/site\/wp-json\/wp\/v2\/posts\/23052","targetHints":{"allow":["GET"]}}],"collection":[{"href":"https:\/\/www.adufpb.org.br\/site\/wp-json\/wp\/v2\/posts"}],"about":[{"href":"https:\/\/www.adufpb.org.br\/site\/wp-json\/wp\/v2\/types\/post"}],"author":[{"embeddable":true,"href":"https:\/\/www.adufpb.org.br\/site\/wp-json\/wp\/v2\/users\/3"}],"replies":[{"embeddable":true,"href":"https:\/\/www.adufpb.org.br\/site\/wp-json\/wp\/v2\/comments?post=23052"}],"version-history":[{"count":2,"href":"https:\/\/www.adufpb.org.br\/site\/wp-json\/wp\/v2\/posts\/23052\/revisions"}],"predecessor-version":[{"id":23056,"href":"https:\/\/www.adufpb.org.br\/site\/wp-json\/wp\/v2\/posts\/23052\/revisions\/23056"}],"wp:featuredmedia":[{"embeddable":true,"href":"https:\/\/www.adufpb.org.br\/site\/wp-json\/wp\/v2\/media\/23054"}],"wp:attachment":[{"href":"https:\/\/www.adufpb.org.br\/site\/wp-json\/wp\/v2\/media?parent=23052"}],"wp:term":[{"taxonomy":"category","embeddable":true,"href":"https:\/\/www.adufpb.org.br\/site\/wp-json\/wp\/v2\/categories?post=23052"},{"taxonomy":"post_tag","embeddable":true,"href":"https:\/\/www.adufpb.org.br\/site\/wp-json\/wp\/v2\/tags?post=23052"}],"curies":[{"name":"wp","href":"https:\/\/api.w.org\/{rel}","templated":true}]}}