{"id":23009,"date":"2020-07-23T15:14:00","date_gmt":"2020-07-23T18:14:00","guid":{"rendered":"http:\/\/www.adufpb.org.br\/site\/?p=23009"},"modified":"2020-10-07T21:48:54","modified_gmt":"2020-10-08T00:48:54","slug":"nota-de-pesar-maria-das-neves-do-egito","status":"publish","type":"post","link":"https:\/\/www.adufpb.org.br\/site\/nota-de-pesar-maria-das-neves-do-egito\/","title":{"rendered":"NOTA DE PESAR &#8211; Maria das Neves do Egito"},"content":{"rendered":"<p><span style=\"font-size: 12pt;\"><a class=\"dt-pswp-item\" href=\"http:\/\/www.adufpb.org.br\/site\/wp-content\/uploads\/2020\/07\/Maria-das-Neves-do-Egito.jpg\" data-dt-img-description=\"\" data-large_image_width=\"508\" data-large_image_height=\"286\"><img loading=\"lazy\" decoding=\"async\" class=\"aligncenter size-medium wp-image-23010\" src=\"http:\/\/www.adufpb.org.br\/site\/wp-content\/uploads\/2020\/07\/Maria-das-Neves-do-Egito-300x169.jpg\" alt=\"\" width=\"300\" height=\"169\" srcset=\"https:\/\/www.adufpb.org.br\/site\/wp-content\/uploads\/2020\/07\/Maria-das-Neves-do-Egito-300x169.jpg 300w, https:\/\/www.adufpb.org.br\/site\/wp-content\/uploads\/2020\/07\/Maria-das-Neves-do-Egito.jpg 508w\" sizes=\"auto, (max-width: 300px) 100vw, 300px\" \/><\/a><\/span><\/p>\n<p><span style=\"font-size: 12pt;\">A Diretoria Executiva e Funcion\u00e1rios da ADUFPB v\u00eam a p\u00fablico manifestar profundo pesar pelo falecimento de\u00a0<strong>MARIA DAS NEVES DO EGITO DE ARA\u00daJO<\/strong>,\u00a0professora aposentada do Departamento de Direito Processual e Pr\u00e1tica Jur\u00eddica, do Centro de Ci\u00eancias Jur\u00eddicas &#8211; CCJ, da Universidade Federal da Para\u00edba.<\/span><\/p>\n<p><span style=\"font-size: 12pt;\">A professora\u00a0<strong>MARIA DAS NEVES<\/strong>\u00a0era sindicalizada da ADUFPB desde 08\/11\/2004.\u00a0Aos membros da fam\u00edlia e amigos, nossos sentimentos\u00a0e solidariedade.<\/span><\/p>\n<p style=\"text-align: center;\"><span style=\"font-size: 12pt;\">Jo\u00e3o Pessoa, 22 de julho de 2020.<\/span><\/p>\n<p style=\"text-align: center;\"><strong><span style=\"font-size: 12pt;\">DIRETORIA EXECUTIVA<\/span><\/strong><br \/>\n<strong><span style=\"font-size: 12pt;\">FUNCION\u00c1RIOS DA ADUFPB<\/span><\/strong><\/p>\n","protected":false},"excerpt":{"rendered":"<p>A Diretoria Executiva e Funcion\u00e1rios da ADUFPB v\u00eam a p\u00fablico manifestar profundo pesar pelo falecimento de\u00a0MARIA DAS NEVES DO EGITO DE ARA\u00daJO,\u00a0professora aposentada do Departamento de Direito Processual e Pr\u00e1tica Jur\u00eddica, do Centro de Ci\u00eancias Jur\u00eddicas &#8211; CCJ, da Universidade Federal da Para\u00edba. A professora\u00a0MARIA DAS NEVES\u00a0era sindicalizada da ADUFPB desde 08\/11\/2004.\u00a0Aos membros da fam\u00edlia&hellip;<\/p>\n","protected":false},"author":3,"featured_media":23010,"comment_status":"closed","ping_status":"closed","sticky":false,"template":"","format":"standard","meta":{"footnotes":""},"categories":[15],"tags":[],"class_list":["post-23009","post","type-post","status-publish","format-standard","has-post-thumbnail","hentry","category-noticias","category-15","description-off"],"_links":{"self":[{"href":"https:\/\/www.adufpb.org.br\/site\/wp-json\/wp\/v2\/posts\/23009","targetHints":{"allow":["GET"]}}],"collection":[{"href":"https:\/\/www.adufpb.org.br\/site\/wp-json\/wp\/v2\/posts"}],"about":[{"href":"https:\/\/www.adufpb.org.br\/site\/wp-json\/wp\/v2\/types\/post"}],"author":[{"embeddable":true,"href":"https:\/\/www.adufpb.org.br\/site\/wp-json\/wp\/v2\/users\/3"}],"replies":[{"embeddable":true,"href":"https:\/\/www.adufpb.org.br\/site\/wp-json\/wp\/v2\/comments?post=23009"}],"version-history":[{"count":1,"href":"https:\/\/www.adufpb.org.br\/site\/wp-json\/wp\/v2\/posts\/23009\/revisions"}],"predecessor-version":[{"id":23011,"href":"https:\/\/www.adufpb.org.br\/site\/wp-json\/wp\/v2\/posts\/23009\/revisions\/23011"}],"wp:featuredmedia":[{"embeddable":true,"href":"https:\/\/www.adufpb.org.br\/site\/wp-json\/wp\/v2\/media\/23010"}],"wp:attachment":[{"href":"https:\/\/www.adufpb.org.br\/site\/wp-json\/wp\/v2\/media?parent=23009"}],"wp:term":[{"taxonomy":"category","embeddable":true,"href":"https:\/\/www.adufpb.org.br\/site\/wp-json\/wp\/v2\/categories?post=23009"},{"taxonomy":"post_tag","embeddable":true,"href":"https:\/\/www.adufpb.org.br\/site\/wp-json\/wp\/v2\/tags?post=23009"}],"curies":[{"name":"wp","href":"https:\/\/api.w.org\/{rel}","templated":true}]}}