{"id":22997,"date":"2020-07-19T14:37:40","date_gmt":"2020-07-19T17:37:40","guid":{"rendered":"http:\/\/www.adufpb.org.br\/site\/?p=22997"},"modified":"2020-10-07T21:48:49","modified_gmt":"2020-10-08T00:48:49","slug":"nota-de-pesar-jose-martinho-de-albuquerque-silva","status":"publish","type":"post","link":"https:\/\/www.adufpb.org.br\/site\/nota-de-pesar-jose-martinho-de-albuquerque-silva\/","title":{"rendered":"NOTA DE PESAR &#8211; Jos\u00e9 Martinho de Albuquerque Silva"},"content":{"rendered":"<p><a class=\"dt-pswp-item\" href=\"http:\/\/www.adufpb.org.br\/site\/wp-content\/uploads\/2020\/07\/professor-jos\u00e9-martinho.jpeg\" data-dt-img-description=\"\" data-large_image_width=\"1080\" data-large_image_height=\"1080\"><img loading=\"lazy\" decoding=\"async\" class=\"aligncenter size-medium wp-image-22995\" src=\"http:\/\/www.adufpb.org.br\/site\/wp-content\/uploads\/2020\/07\/professor-jos\u00e9-martinho-300x300.jpeg\" alt=\"\" width=\"300\" height=\"300\" srcset=\"https:\/\/www.adufpb.org.br\/site\/wp-content\/uploads\/2020\/07\/professor-jos\u00e9-martinho-300x300.jpeg 300w, https:\/\/www.adufpb.org.br\/site\/wp-content\/uploads\/2020\/07\/professor-jos\u00e9-martinho-150x150.jpeg 150w, https:\/\/www.adufpb.org.br\/site\/wp-content\/uploads\/2020\/07\/professor-jos\u00e9-martinho-768x768.jpeg 768w, https:\/\/www.adufpb.org.br\/site\/wp-content\/uploads\/2020\/07\/professor-jos\u00e9-martinho-1024x1024.jpeg 1024w, https:\/\/www.adufpb.org.br\/site\/wp-content\/uploads\/2020\/07\/professor-jos\u00e9-martinho.jpeg 1080w\" sizes=\"auto, (max-width: 300px) 100vw, 300px\" \/><\/a>A Diretoria Executiva e Funcion\u00e1rios da ADUFPB v\u00eam a p\u00fablico manifestar profundo pesar pelo falecimento\u00a0de\u00a0<strong>JOS\u00c9 MARTINHO DE ALBUQUERQUE SILVA<\/strong>, professor aposentado do Departamento de Matem\u00e1tica, do Centro de\u00a0Ci\u00eancias\u00a0Exatas e da Natureza \u2013 CCEN, da Universidade Federal da Para\u00edba.<\/p>\n<p>O professor\u00a0<strong>JOS\u00c9 MARTINHO\u00a0<\/strong>era\u00a0s\u00f3cio fundador\u00a0da ADUFPB desde 01\/11\/1978.\u00a0Aos membros da fam\u00edlia e amigos, nossos sentimentos\u00a0e solidariedade.<\/p>\n<p style=\"text-align: center;\">Jo\u00e3o Pessoa, 18 de julho de 2020.<\/p>\n<p style=\"text-align: center;\"><strong>DIRETORIA EXECUTIVA<\/strong><br \/>\n<strong>FUNCION\u00c1RIOS DA ADUFPB<\/strong><\/p>\n","protected":false},"excerpt":{"rendered":"<p>A Diretoria Executiva e Funcion\u00e1rios da ADUFPB v\u00eam a p\u00fablico manifestar profundo pesar pelo falecimento\u00a0de\u00a0JOS\u00c9 MARTINHO DE ALBUQUERQUE SILVA, professor aposentado do Departamento de Matem\u00e1tica, do Centro de\u00a0Ci\u00eancias\u00a0Exatas e da Natureza \u2013 CCEN, da Universidade Federal da Para\u00edba. O professor\u00a0JOS\u00c9 MARTINHO\u00a0era\u00a0s\u00f3cio fundador\u00a0da ADUFPB desde 01\/11\/1978.\u00a0Aos membros da fam\u00edlia e amigos, nossos sentimentos\u00a0e solidariedade. Jo\u00e3o Pessoa,&hellip;<\/p>\n","protected":false},"author":3,"featured_media":22995,"comment_status":"closed","ping_status":"closed","sticky":false,"template":"","format":"standard","meta":{"footnotes":""},"categories":[15],"tags":[],"class_list":["post-22997","post","type-post","status-publish","format-standard","has-post-thumbnail","hentry","category-noticias","category-15","description-off"],"_links":{"self":[{"href":"https:\/\/www.adufpb.org.br\/site\/wp-json\/wp\/v2\/posts\/22997","targetHints":{"allow":["GET"]}}],"collection":[{"href":"https:\/\/www.adufpb.org.br\/site\/wp-json\/wp\/v2\/posts"}],"about":[{"href":"https:\/\/www.adufpb.org.br\/site\/wp-json\/wp\/v2\/types\/post"}],"author":[{"embeddable":true,"href":"https:\/\/www.adufpb.org.br\/site\/wp-json\/wp\/v2\/users\/3"}],"replies":[{"embeddable":true,"href":"https:\/\/www.adufpb.org.br\/site\/wp-json\/wp\/v2\/comments?post=22997"}],"version-history":[{"count":1,"href":"https:\/\/www.adufpb.org.br\/site\/wp-json\/wp\/v2\/posts\/22997\/revisions"}],"predecessor-version":[{"id":22998,"href":"https:\/\/www.adufpb.org.br\/site\/wp-json\/wp\/v2\/posts\/22997\/revisions\/22998"}],"wp:featuredmedia":[{"embeddable":true,"href":"https:\/\/www.adufpb.org.br\/site\/wp-json\/wp\/v2\/media\/22995"}],"wp:attachment":[{"href":"https:\/\/www.adufpb.org.br\/site\/wp-json\/wp\/v2\/media?parent=22997"}],"wp:term":[{"taxonomy":"category","embeddable":true,"href":"https:\/\/www.adufpb.org.br\/site\/wp-json\/wp\/v2\/categories?post=22997"},{"taxonomy":"post_tag","embeddable":true,"href":"https:\/\/www.adufpb.org.br\/site\/wp-json\/wp\/v2\/tags?post=22997"}],"curies":[{"name":"wp","href":"https:\/\/api.w.org\/{rel}","templated":true}]}}