{"id":2299,"date":"2011-11-28T13:16:43","date_gmt":"2011-11-28T17:16:43","guid":{"rendered":"http:\/\/www.adufpb.org.br\/site\/assembleia-escolhe-delegados-para-congresso-do-andes\/"},"modified":"2012-01-13T08:00:37","modified_gmt":"2012-01-13T12:00:37","slug":"assembleia-escolhe-delegados-para-congresso-do-andes","status":"publish","type":"post","link":"https:\/\/www.adufpb.org.br\/site\/assembleia-escolhe-delegados-para-congresso-do-andes\/","title":{"rendered":"Assembleia escolhe delegados para Congresso do Andes"},"content":{"rendered":"<p>A ADUFPB realiza nesta ter\u00e7a-feira (29 de novembro), \u00e0s 9h, mais uma assembleia geral para discutir quest\u00f5es de interesse da categoria. O debate acontecer\u00e1 no Centro de Viv\u00eancia do Campus I, em Jo\u00e3o Pessoa. Em pauta, informes e a escolha de seis delegados de base para o 31\u00ba Congresso Nacional do ANDES-SN, que acontecer\u00e1 em janeiro do pr\u00f3ximo ano em Manaus. J\u00e1 foram escolhidos em assembleias um delegado representante da Secretaria Adjunta de Areia, dois delegados da Secretaria Adjunta de Bananeiras e um delegado da Secretaria Adjunta do Litoral Norte. Ao todo, a ADUFPB ser\u00e1 representada por dez delegados de base e um docente indicado pela Diretoria.<br \/>\n<strong><br \/>\nPropostas enviadas \u00e0 ADUFPB<br \/>\n<\/strong><br \/>\nO processo escolha dos delegados do 31\u00ba Congresso Nacional do ANDES-SN ter\u00e1 novidades nesta assembleia. Desta vez, alguns candidatos j\u00e1 apresentaram antes da vota\u00e7\u00e3o um texto s\u00edntese sobre o assunto (ou os assuntos) que desejam defender durante o Congresso, considerando o tema do evento: \u201cCaprichar na educa\u00e7\u00e3o, garantir direito dos trabalhadores para ter futuro\u201d. Os textos enviados pelos professores para serem analisados pela categoria j\u00e1 est\u00e3o disponibilizados no site da ADUFPB (www.adufpb.org.br).<br \/>\nOs docentes que n\u00e3o enviaram os textos para an\u00e1lise pr\u00e9via da categoria poder\u00e3o fazer a inscri\u00e7\u00e3o e defender suas propostas em discurso voltado para os participantes durante a assembleia que acontece amanh\u00e3, no Centro de Viv\u00eancia.<\/p>\n<p>31\u00ba CONGRESSO DO ANDES-SN<br \/>\n15 a 20 de janeiro de 2011-11-28<br \/>\nManaus \u2013 AM<\/p>\n<p>Assembleia Geral ADUFPB<br \/>\n29 de novembro de 2011<br \/>\nCentro de Viv\u00eancia da UFPB<br \/>\n\u00e0s 09h00<\/p>\n<p><strong>Propostas de Inscri\u00e7\u00e3o como delegado (a) no 31\u00b0 Congresso Nacional do ANDES-SN<\/strong><\/p>\n<p>1. <a href=\"http:\/\/www.adufpb.org.br\/site\/wp-content\/uploads\/2011\/11\/TEXTO-01.pdf\" target=\"_blank\">Terezinha Diniz<\/a><br \/>\n2. <a href=\"http:\/\/www.adufpb.org.br\/site\/wp-content\/uploads\/2011\/11\/TEXTO-02.pdf\" target=\"_blank\">Ricardo de F. Lucena<\/a><br \/>\n3. <a href=\"http:\/\/www.adufpb.org.br\/site\/wp-content\/uploads\/2011\/11\/TEXTO-03.pdf\" target=\"_blank\">Auta de Souza Costa<\/a><br \/>\n4. <a href=\"http:\/\/www.adufpb.org.br\/site\/wp-content\/uploads\/2011\/11\/TEXTO-04.pdf\" target=\"_blank\">Jos\u00e9 Ricardo da Silva<\/a><br \/>\n5. <a href=\"http:\/\/www.adufpb.org.br\/site\/wp-content\/uploads\/2011\/11\/TEXTO-05.pdf\" target=\"_blank\">Eliane Maria de Menezes Maciel<\/a><br \/>\n6. <a href=\"http:\/\/www.adufpb.org.br\/site\/wp-content\/uploads\/2011\/11\/TEXTO-06.pdf\" target=\"_blank\">Arturo Gouveia de Ara\u00fajo<\/a><br \/>\n7. <a href=\"http:\/\/www.adufpb.org.br\/site\/wp-content\/uploads\/2011\/11\/TEXTO-07.pdf\" target=\"_blank\">H\u00e9lida Cristina Cavalcante Val\u00e9rio<\/a><br \/>\n8. <a href=\"http:\/\/www.adufpb.org.br\/site\/wp-content\/uploads\/2011\/11\/TEXTO-08.pdf\" target=\"_blank\">Francileide de Araujo Rodrigues<\/a><br \/>\n9. <a href=\"http:\/\/www.adufpb.org.br\/site\/wp-content\/uploads\/2011\/11\/TEXTO-09.pdf\" target=\"_blank\">Mariza Pinheiro<\/a><br \/>\n10. <a href=\"http:\/\/www.adufpb.org.br\/site\/wp-content\/uploads\/2011\/11\/TEXTO-10.pdf\" target=\"_blank\">Galdino Toscano de Brito Filho<\/a><\/p>\n","protected":false},"excerpt":{"rendered":"<p>A ADUFPB realiza nesta ter\u00e7a-feira (29 de novembro), \u00e0s 9h, mais uma assembleia geral para discutir quest\u00f5es de interesse da categoria. O debate acontecer\u00e1 no Centro de Viv\u00eancia do Campus I, em Jo\u00e3o Pessoa. Em pauta, informes e a escolha de seis delegados de base para o 31\u00ba Congresso Nacional do ANDES-SN, que acontecer\u00e1 em&hellip;<\/p>\n","protected":false},"author":1,"featured_media":0,"comment_status":"open","ping_status":"open","sticky":false,"template":"","format":"standard","meta":{"footnotes":""},"categories":[15],"tags":[92],"class_list":["post-2299","post","type-post","status-publish","format-standard","hentry","category-noticias","tag-andes","category-15","description-off"],"_links":{"self":[{"href":"https:\/\/www.adufpb.org.br\/site\/wp-json\/wp\/v2\/posts\/2299","targetHints":{"allow":["GET"]}}],"collection":[{"href":"https:\/\/www.adufpb.org.br\/site\/wp-json\/wp\/v2\/posts"}],"about":[{"href":"https:\/\/www.adufpb.org.br\/site\/wp-json\/wp\/v2\/types\/post"}],"author":[{"embeddable":true,"href":"https:\/\/www.adufpb.org.br\/site\/wp-json\/wp\/v2\/users\/1"}],"replies":[{"embeddable":true,"href":"https:\/\/www.adufpb.org.br\/site\/wp-json\/wp\/v2\/comments?post=2299"}],"version-history":[{"count":7,"href":"https:\/\/www.adufpb.org.br\/site\/wp-json\/wp\/v2\/posts\/2299\/revisions"}],"predecessor-version":[{"id":2385,"href":"https:\/\/www.adufpb.org.br\/site\/wp-json\/wp\/v2\/posts\/2299\/revisions\/2385"}],"wp:attachment":[{"href":"https:\/\/www.adufpb.org.br\/site\/wp-json\/wp\/v2\/media?parent=2299"}],"wp:term":[{"taxonomy":"category","embeddable":true,"href":"https:\/\/www.adufpb.org.br\/site\/wp-json\/wp\/v2\/categories?post=2299"},{"taxonomy":"post_tag","embeddable":true,"href":"https:\/\/www.adufpb.org.br\/site\/wp-json\/wp\/v2\/tags?post=2299"}],"curies":[{"name":"wp","href":"https:\/\/api.w.org\/{rel}","templated":true}]}}