{"id":22879,"date":"2020-06-26T12:56:27","date_gmt":"2020-06-26T15:56:27","guid":{"rendered":"http:\/\/www.adufpb.org.br\/site\/?p=22879"},"modified":"2020-10-07T21:59:29","modified_gmt":"2020-10-08T00:59:29","slug":"plenaria-docente-da-adufpb-debate-campanha-nacional-fora-bolsonaro-e-calendario-extraordinario-na-ufpb","status":"publish","type":"post","link":"https:\/\/www.adufpb.org.br\/site\/plenaria-docente-da-adufpb-debate-campanha-nacional-fora-bolsonaro-e-calendario-extraordinario-na-ufpb\/","title":{"rendered":"Plen\u00e1ria docente da ADUFPB debate campanha nacional Fora Bolsonaro e calend\u00e1rio extraordin\u00e1rio na UFPB"},"content":{"rendered":"<p><a class=\"dt-pswp-item\" href=\"http:\/\/www.adufpb.org.br\/site\/wp-content\/uploads\/2020\/06\/2020.06.25-plen\u00e1ria-virtual-online\u00b42.jpeg\" data-dt-img-description=\"\" data-large_image_width=\"1280\" data-large_image_height=\"733\"><img loading=\"lazy\" decoding=\"async\" class=\"alignright size-medium wp-image-22880\" src=\"http:\/\/www.adufpb.org.br\/site\/wp-content\/uploads\/2020\/06\/2020.06.25-plen\u00e1ria-virtual-online\u00b42-300x172.jpeg\" alt=\"\" width=\"300\" height=\"172\" srcset=\"https:\/\/www.adufpb.org.br\/site\/wp-content\/uploads\/2020\/06\/2020.06.25-plen\u00e1ria-virtual-online\u00b42-300x172.jpeg 300w, https:\/\/www.adufpb.org.br\/site\/wp-content\/uploads\/2020\/06\/2020.06.25-plen\u00e1ria-virtual-online\u00b42-768x440.jpeg 768w, https:\/\/www.adufpb.org.br\/site\/wp-content\/uploads\/2020\/06\/2020.06.25-plen\u00e1ria-virtual-online\u00b42-1024x586.jpeg 1024w, https:\/\/www.adufpb.org.br\/site\/wp-content\/uploads\/2020\/06\/2020.06.25-plen\u00e1ria-virtual-online\u00b42.jpeg 1280w\" sizes=\"auto, (max-width: 300px) 100vw, 300px\" \/><\/a>A ADUFPB realizou na \u00faltima quinta-feira (26) uma plen\u00e1ria docente para discutir a proposta de calend\u00e1rio extraordin\u00e1rio na UFPB e a participa\u00e7\u00e3o da categoria na campanha nacional Fora Bolsonaro. A atividade ocorreu por videoconfer\u00eancia &#8211; devido \u00e0s medidas de isolamento social decorrentes da pandemia de covid-19 &#8211; e reuniu cerca de 60 professores e professoras.<\/p>\n<p>Na ocasi\u00e3o, a plen\u00e1ria docente concordou com a proposta de o sindicato participar dos atos virtuais e simb\u00f3licos (com atividades de rua) que est\u00e3o sendo organizados no pa\u00eds pelas frentes Brasil Popular e Povo sem Medo dentro da campanha Fora Bolsonaro. Al\u00e9m disso, a entidade tamb\u00e9m tomar\u00e1 parte no ato nacional a ser realizado no dia 2 de julho pela Confedera\u00e7\u00e3o dos Trabalhadores no Servi\u00e7o P\u00fablico Federal (Condsef), que tamb\u00e9m inclui na pauta o Fora Bolsonaro. Al\u00e9m de a\u00e7\u00f5es virtuais, a atividade prev\u00ea atos simb\u00f3licos, como a afixa\u00e7\u00e3o de cartazes e cruzes simbolizando as v\u00edtimas da covid-19.<\/p>\n<p>Em rela\u00e7\u00e3o ao calend\u00e1rio extraordin\u00e1rio da UFPB, o sindicato apresentou proposta de realiza\u00e7\u00e3o de uma plen\u00e1ria unificada dos tr\u00eas segmentos da comunidade universit\u00e1ria j\u00e1 no m\u00eas de julho e tamb\u00e9m de plen\u00e1rias dos centros para se discutir o ensino remoto e o semestre letivo 2020.1. Na avalia\u00e7\u00e3o da ADUFPB, o semestre s\u00f3 deve ser reiniciado se as condi\u00e7\u00f5es m\u00ednimas para o ensino e a aprendizagem forem garantidas pela universidade.<\/p>\n<p><a class=\"dt-pswp-item\" href=\"http:\/\/www.adufpb.org.br\/site\/wp-content\/uploads\/2020\/06\/2020.06.25-plen\u00e1ria-virtual-online-3.jpeg\" data-dt-img-description=\"\" data-large_image_width=\"1280\" data-large_image_height=\"735\"><img loading=\"lazy\" decoding=\"async\" class=\"alignleft size-medium wp-image-22881\" src=\"http:\/\/www.adufpb.org.br\/site\/wp-content\/uploads\/2020\/06\/2020.06.25-plen\u00e1ria-virtual-online-3-300x172.jpeg\" alt=\"\" width=\"300\" height=\"172\" srcset=\"https:\/\/www.adufpb.org.br\/site\/wp-content\/uploads\/2020\/06\/2020.06.25-plen\u00e1ria-virtual-online-3-300x172.jpeg 300w, https:\/\/www.adufpb.org.br\/site\/wp-content\/uploads\/2020\/06\/2020.06.25-plen\u00e1ria-virtual-online-3-768x441.jpeg 768w, https:\/\/www.adufpb.org.br\/site\/wp-content\/uploads\/2020\/06\/2020.06.25-plen\u00e1ria-virtual-online-3-1024x588.jpeg 1024w, https:\/\/www.adufpb.org.br\/site\/wp-content\/uploads\/2020\/06\/2020.06.25-plen\u00e1ria-virtual-online-3.jpeg 1280w\" sizes=\"auto, (max-width: 300px) 100vw, 300px\" \/><\/a>V\u00e1rias interven\u00e7\u00f5es e an\u00e1lise foram realizadas ao longo do evento. O professor Carlos, por exemplo, avaliou que a UFPB vem conduzindo o processo de aulas remotas de maneira burocr\u00e1tica. A professora Maria de F\u00e1tima Rodrigues lembrou que os problemas n\u00e3o se limitam ao ensino, mas atacam tamb\u00e9m a extens\u00e3o e a pesquisa. E o professor Ant\u00f4nio Joaquim Feitosa destacou os docentes n\u00e3o podem ser obrigados a utilizar aparelhos pessoais (computadores, celulares) para realizar atividades p\u00fablicas.<\/p>\n<p>Para o professor Marcelo Sitcovsky, as universidades devem continuar desenvolvendo atividades relacionadas ao enfrentamento da pandemia e seus reflexos nas mais variadas \u00e1reas da vida social. \u201cRealizar atividades que envolvem ensino, pesquisa e extens\u00e3o, colocando toda nossa capacidade a servi\u00e7o da sociedade. Temos condi\u00e7\u00f5es de promover a\u00e7\u00f5es amplas direcionadas para comunidade interna e externa\u201d, avaliou. Segundo ele \u00e9 preciso indicar que a UFPB busque com o governo federal acessar o Fundo de Democratiza\u00e7\u00e3o das Comunica\u00e7\u00f5es no sentido de adquirir hardware e software para a comunidade acad\u00eamica.<\/p>\n<p>Na avalia\u00e7\u00e3o da professora Juliana, a forma\u00e7\u00e3o universit\u00e1ria n\u00e3o se d\u00e1 apenas pelo ensino curricular. \u201cA pesquisa e a extens\u00e3o tamb\u00e9m formam e ensinam, e muito. A UFPB deveria focar em ampliar o fomento de a\u00e7\u00f5es de pesquisa e extens\u00e3o (que inclui ensino n\u00e3o curricular) da comunidade acad\u00eamica com vistas a apoiar a sociedade no enfrentamento da pandemia de covid-19\u201d.<\/p>\n<p>Para isso, segundo ela, \u201c\u00e9 necess\u00e1ria uma pol\u00edtica de fomento e suspens\u00e3o de alguns pontos da resolu\u00e7\u00e3o 52, que amplie a carga hor\u00e1ria dedicada a essas atividades.\u00a0 Al\u00e9m disso, temos as atividades de gest\u00e3o que incluem a necessidade de planejamento coletivo, envolvendo o conjunto de professores, t\u00e9cnicos e estudantes para pensar essas estrat\u00e9gias e planejar um futuro quando for poss\u00edvel o retorno presencial que vai precisar de novas condi\u00e7\u00f5es de organiza\u00e7\u00e3o f\u00edsica e institucional\u201d.<\/p>\n<p><em>Fonte: Ascom ADUFPB<\/em><\/p>\n","protected":false},"excerpt":{"rendered":"<p>A ADUFPB realizou na \u00faltima quinta-feira (26) uma plen\u00e1ria docente para discutir a proposta de calend\u00e1rio extraordin\u00e1rio na UFPB e a participa\u00e7\u00e3o da categoria na campanha nacional Fora Bolsonaro. A atividade ocorreu por videoconfer\u00eancia &#8211; devido \u00e0s medidas de isolamento social decorrentes da pandemia de covid-19 &#8211; e reuniu cerca de 60 professores e professoras.&hellip;<\/p>\n","protected":false},"author":3,"featured_media":22881,"comment_status":"closed","ping_status":"closed","sticky":false,"template":"","format":"standard","meta":{"footnotes":""},"categories":[15],"tags":[1360,1354,1355,716,1359],"class_list":["post-22879","post","type-post","status-publish","format-standard","has-post-thumbnail","hentry","category-noticias","tag-calendario-extraordinario","tag-ensino-remoto","tag-fora-bolsonaro","tag-plenaria","tag-plenaria-virtual","category-15","description-off"],"_links":{"self":[{"href":"https:\/\/www.adufpb.org.br\/site\/wp-json\/wp\/v2\/posts\/22879","targetHints":{"allow":["GET"]}}],"collection":[{"href":"https:\/\/www.adufpb.org.br\/site\/wp-json\/wp\/v2\/posts"}],"about":[{"href":"https:\/\/www.adufpb.org.br\/site\/wp-json\/wp\/v2\/types\/post"}],"author":[{"embeddable":true,"href":"https:\/\/www.adufpb.org.br\/site\/wp-json\/wp\/v2\/users\/3"}],"replies":[{"embeddable":true,"href":"https:\/\/www.adufpb.org.br\/site\/wp-json\/wp\/v2\/comments?post=22879"}],"version-history":[{"count":2,"href":"https:\/\/www.adufpb.org.br\/site\/wp-json\/wp\/v2\/posts\/22879\/revisions"}],"predecessor-version":[{"id":23491,"href":"https:\/\/www.adufpb.org.br\/site\/wp-json\/wp\/v2\/posts\/22879\/revisions\/23491"}],"wp:featuredmedia":[{"embeddable":true,"href":"https:\/\/www.adufpb.org.br\/site\/wp-json\/wp\/v2\/media\/22881"}],"wp:attachment":[{"href":"https:\/\/www.adufpb.org.br\/site\/wp-json\/wp\/v2\/media?parent=22879"}],"wp:term":[{"taxonomy":"category","embeddable":true,"href":"https:\/\/www.adufpb.org.br\/site\/wp-json\/wp\/v2\/categories?post=22879"},{"taxonomy":"post_tag","embeddable":true,"href":"https:\/\/www.adufpb.org.br\/site\/wp-json\/wp\/v2\/tags?post=22879"}],"curies":[{"name":"wp","href":"https:\/\/api.w.org\/{rel}","templated":true}]}}