{"id":22859,"date":"2020-06-24T16:22:25","date_gmt":"2020-06-24T19:22:25","guid":{"rendered":"http:\/\/www.adufpb.org.br\/site\/?p=22859"},"modified":"2020-06-25T10:42:34","modified_gmt":"2020-06-25T13:42:34","slug":"adufpb-realiza-entrega-de-cestas-basicas-em-areia","status":"publish","type":"post","link":"https:\/\/www.adufpb.org.br\/site\/adufpb-realiza-entrega-de-cestas-basicas-em-areia\/","title":{"rendered":"ADUFPB realiza entrega de cestas b\u00e1sicas no campus de Areia"},"content":{"rendered":"<p><span style=\"font-weight: 400;\">Com o objetivo de ajudar fam\u00edlias carentes atingidas pela crise causada pela pandemia de covid-19, a ADUFPB est\u00e1 participando de uma campanha de solidariedade no campus II da UFPB, no munic\u00edpio de Areia. Nesta ter\u00e7a-feira (23\/6), representantes da Diretoria Executiva fizeram a entrega de cestas b\u00e1sicas \u00e0 Par\u00f3quia de Nossa Senhora da Concei\u00e7\u00e3o, que far\u00e1 a distribui\u00e7\u00e3o dos alimentos nas comunidades locais.<\/span><\/p>\n<p><span style=\"font-weight: 400;\">Tamb\u00e9m participam da a\u00e7\u00e3o o Sintespb (Sindicato dos Trabalhadores em Educa\u00e7\u00e3o Superior da Para\u00edba) e a diretoria do Centro de Ci\u00eancias Agr\u00e1rias do campus II. Segundo o professor Guttemberg Silvino, diretor da ADUFPB na secretaria adjunta de Areia, o sindicato colaborou com a doa<a class=\"dt-pswp-item\" href=\"http:\/\/www.adufpb.org.br\/site\/wp-content\/uploads\/2020\/06\/2020.06.24-entrega-de-cestas-b\u00e1sicas-em-areia-4.jpeg\" data-dt-img-description=\"\" data-large_image_width=\"720\" data-large_image_height=\"1280\"><img loading=\"lazy\" decoding=\"async\" class=\"alignright size-medium wp-image-22863\" src=\"http:\/\/www.adufpb.org.br\/site\/wp-content\/uploads\/2020\/06\/2020.06.24-entrega-de-cestas-b\u00e1sicas-em-areia-4-169x300.jpeg\" alt=\"\" width=\"169\" height=\"300\" srcset=\"https:\/\/www.adufpb.org.br\/site\/wp-content\/uploads\/2020\/06\/2020.06.24-entrega-de-cestas-b\u00e1sicas-em-areia-4-169x300.jpeg 169w, https:\/\/www.adufpb.org.br\/site\/wp-content\/uploads\/2020\/06\/2020.06.24-entrega-de-cestas-b\u00e1sicas-em-areia-4-576x1024.jpeg 576w, https:\/\/www.adufpb.org.br\/site\/wp-content\/uploads\/2020\/06\/2020.06.24-entrega-de-cestas-b\u00e1sicas-em-areia-4.jpeg 720w\" sizes=\"auto, (max-width: 169px) 100vw, 169px\" \/><\/a>\u00e7\u00e3o de 30 cestas b\u00e1sicas para a campanha. A entrega foi feita ao padre Reinaldo, vig\u00e1rio da Par\u00f3quia Nossa Senhora da Concei\u00e7\u00e3o. Ele destacou a import\u00e2ncia da solidariedade neste momento de crise.\u00a0<\/span><\/p>\n<p><span style=\"font-weight: 400;\">\u201cA nossa par\u00f3quia tem trabalhado com alguns grupos, como a Pastoral da Crian\u00e7a, a Pastoral dos Franciscanos, e, por meio de desses canais, n\u00f3s estamos assistindo algumas fam\u00edlias carentes de nossa cidade, tanto da regi\u00e3o urbana, da zona de periferia, quanto das comunidades rurais, e esse apoio que a Universidade Federal tem nos dado faz com que mais fam\u00edlias possam ser tocadas pela solidariedade neste momento de tanta fragilidade em que estamos acometidos em virtude da pandemia\u201d, declarou.<\/span><\/p>\n<p><span style=\"font-weight: 400;\">Al\u00e9m de cestas b\u00e1sicas, a ADUFPB tamb\u00e9m est\u00e1 distribuindo m\u00e1scaras de prote\u00e7\u00e3o para prevenir a propaga\u00e7\u00e3o do novo coronav\u00edrus. Segundo o professor Guttemberg Silvino, apenas no munic\u00edpio de Areia j\u00e1 foram j\u00e1 foram entregues 1.500 m\u00e1scaras com a comunidade universit\u00e1ria, institui\u00e7\u00f5es municipais e ONGs.<\/span><\/p>\n<p><a class=\"dt-pswp-item\" href=\"http:\/\/www.adufpb.org.br\/site\/wp-content\/uploads\/2020\/06\/2020.06.24-entrega-de-cestas-b\u00e1sicas-em-areia-3.jpeg\" data-dt-img-description=\"\" data-large_image_width=\"1280\" data-large_image_height=\"960\"><img loading=\"lazy\" decoding=\"async\" class=\"alignright size-medium wp-image-22862\" src=\"http:\/\/www.adufpb.org.br\/site\/wp-content\/uploads\/2020\/06\/2020.06.24-entrega-de-cestas-b\u00e1sicas-em-areia-3-300x225.jpeg\" alt=\"\" width=\"300\" height=\"225\" srcset=\"https:\/\/www.adufpb.org.br\/site\/wp-content\/uploads\/2020\/06\/2020.06.24-entrega-de-cestas-b\u00e1sicas-em-areia-3-300x225.jpeg 300w, https:\/\/www.adufpb.org.br\/site\/wp-content\/uploads\/2020\/06\/2020.06.24-entrega-de-cestas-b\u00e1sicas-em-areia-3-768x576.jpeg 768w, https:\/\/www.adufpb.org.br\/site\/wp-content\/uploads\/2020\/06\/2020.06.24-entrega-de-cestas-b\u00e1sicas-em-areia-3-1024x768.jpeg 1024w, https:\/\/www.adufpb.org.br\/site\/wp-content\/uploads\/2020\/06\/2020.06.24-entrega-de-cestas-b\u00e1sicas-em-areia-3.jpeg 1280w\" sizes=\"auto, (max-width: 300px) 100vw, 300px\" \/><\/a><a class=\"dt-pswp-item\" href=\"http:\/\/www.adufpb.org.br\/site\/wp-content\/uploads\/2020\/06\/2020.06.24-entrega-de-cestas-b\u00e1sicas-em-areia-2.jpeg\" data-dt-img-description=\"\" data-large_image_width=\"1280\" data-large_image_height=\"720\"><img loading=\"lazy\" decoding=\"async\" class=\"aligncenter size-medium wp-image-22861\" src=\"http:\/\/www.adufpb.org.br\/site\/wp-content\/uploads\/2020\/06\/2020.06.24-entrega-de-cestas-b\u00e1sicas-em-areia-2-300x169.jpeg\" alt=\"\" width=\"300\" height=\"169\" srcset=\"https:\/\/www.adufpb.org.br\/site\/wp-content\/uploads\/2020\/06\/2020.06.24-entrega-de-cestas-b\u00e1sicas-em-areia-2-300x169.jpeg 300w, https:\/\/www.adufpb.org.br\/site\/wp-content\/uploads\/2020\/06\/2020.06.24-entrega-de-cestas-b\u00e1sicas-em-areia-2-768x432.jpeg 768w, https:\/\/www.adufpb.org.br\/site\/wp-content\/uploads\/2020\/06\/2020.06.24-entrega-de-cestas-b\u00e1sicas-em-areia-2-1024x576.jpeg 1024w, https:\/\/www.adufpb.org.br\/site\/wp-content\/uploads\/2020\/06\/2020.06.24-entrega-de-cestas-b\u00e1sicas-em-areia-2.jpeg 1280w\" sizes=\"auto, (max-width: 300px) 100vw, 300px\" \/><\/a><\/p>\n<p>&nbsp;<\/p>\n<p>&nbsp;<\/p>\n<p><em>Fonte: Ascom ADUFPB<\/em><\/p>\n","protected":false},"excerpt":{"rendered":"<p>Com o objetivo de ajudar fam\u00edlias carentes atingidas pela crise causada pela pandemia de covid-19, a ADUFPB est\u00e1 participando de uma campanha de solidariedade no campus II da UFPB, no munic\u00edpio de Areia. Nesta ter\u00e7a-feira (23\/6), representantes da Diretoria Executiva fizeram a entrega de cestas b\u00e1sicas \u00e0 Par\u00f3quia de Nossa Senhora da Concei\u00e7\u00e3o, que far\u00e1&hellip;<\/p>\n","protected":false},"author":3,"featured_media":22860,"comment_status":"closed","ping_status":"closed","sticky":false,"template":"","format":"standard","meta":{"footnotes":""},"categories":[15],"tags":[763,93,1356,1321,1331],"class_list":["post-22859","post","type-post","status-publish","format-standard","has-post-thumbnail","hentry","category-noticias","tag-areia","tag-campanha","tag-cestas-basicas","tag-pandemia","tag-solidariedade","category-15","description-off"],"_links":{"self":[{"href":"https:\/\/www.adufpb.org.br\/site\/wp-json\/wp\/v2\/posts\/22859","targetHints":{"allow":["GET"]}}],"collection":[{"href":"https:\/\/www.adufpb.org.br\/site\/wp-json\/wp\/v2\/posts"}],"about":[{"href":"https:\/\/www.adufpb.org.br\/site\/wp-json\/wp\/v2\/types\/post"}],"author":[{"embeddable":true,"href":"https:\/\/www.adufpb.org.br\/site\/wp-json\/wp\/v2\/users\/3"}],"replies":[{"embeddable":true,"href":"https:\/\/www.adufpb.org.br\/site\/wp-json\/wp\/v2\/comments?post=22859"}],"version-history":[{"count":4,"href":"https:\/\/www.adufpb.org.br\/site\/wp-json\/wp\/v2\/posts\/22859\/revisions"}],"predecessor-version":[{"id":22870,"href":"https:\/\/www.adufpb.org.br\/site\/wp-json\/wp\/v2\/posts\/22859\/revisions\/22870"}],"wp:featuredmedia":[{"embeddable":true,"href":"https:\/\/www.adufpb.org.br\/site\/wp-json\/wp\/v2\/media\/22860"}],"wp:attachment":[{"href":"https:\/\/www.adufpb.org.br\/site\/wp-json\/wp\/v2\/media?parent=22859"}],"wp:term":[{"taxonomy":"category","embeddable":true,"href":"https:\/\/www.adufpb.org.br\/site\/wp-json\/wp\/v2\/categories?post=22859"},{"taxonomy":"post_tag","embeddable":true,"href":"https:\/\/www.adufpb.org.br\/site\/wp-json\/wp\/v2\/tags?post=22859"}],"curies":[{"name":"wp","href":"https:\/\/api.w.org\/{rel}","templated":true}]}}