{"id":22837,"date":"2020-06-12T15:38:13","date_gmt":"2020-06-12T18:38:13","guid":{"rendered":"http:\/\/www.adufpb.org.br\/site\/?p=22837"},"modified":"2020-10-07T22:02:38","modified_gmt":"2020-10-08T01:02:38","slug":"vitoria-da-educacao-alcolumbre-devolve-mp-979-2020-e-diz-que-a-mesma-e-inconstitucional","status":"publish","type":"post","link":"https:\/\/www.adufpb.org.br\/site\/vitoria-da-educacao-alcolumbre-devolve-mp-979-2020-e-diz-que-a-mesma-e-inconstitucional\/","title":{"rendered":"VIT\u00d3RIA DA EDUCA\u00c7\u00c3O! Alcolumbre devolve MP 979\/2020 e diz que a mesma \u00e9 inconstitucional"},"content":{"rendered":"<div id=\"noticia-descricao\" class=\"col-12 col-md-06 mt-3 mx-100\">\n<p>Nesta sexta-feira, 12, por meio de uma rede social, o presidente do Congresso e do Senado, Davi Alcolumbre (DEM-AP), afirmou ter devolvido a Medida Provis\u00f3ria (MP) 979\/2020 ao Pal\u00e1cio do Planalto. O texto tinha como objetivo ampliar os poderes do ministro da Educa\u00e7\u00e3o, Abraham Weintraub, que passaria a ter o direito de escolher reitores tempor\u00e1rios para universidades, institutos federais e CEFET, durante a pandemia sem consulta pr\u00e9via.<\/p>\n<p>Alcolumbre disse que cabe a ele, como presidente do Congresso Nacional, impedir a tramita\u00e7\u00e3o de proposi\u00e7\u00f5es que violem os princ\u00edpios da Constitui\u00e7\u00e3o Federal e reiterou que a MP vai contra a autonomia e a gest\u00e3o democr\u00e1tica das universidades. \u2018\u2018O Parlamento permanece vigilante na defesa das institui\u00e7\u00f5es e no avan\u00e7o da ci\u00eancia\u2019\u2019, escreveu.<\/p>\n<p>Quando uma MP \u00e9 devolvida, fica com a vig\u00eancia encerrada e o texto n\u00e3o pode ser analisado pelo Congresso Nacional. Na avalia\u00e7\u00e3o de Antonio Gon\u00e7alves, presidente do ANDES-SN, a medida explicitou, mais uma vez, o protejo autorit\u00e1rio do atual governo federal para a educa\u00e7\u00e3o p\u00fablica, que t\u00eam sido desde o primeiro dia o seu alvo preferencial. &#8220;A devolu\u00e7\u00e3o da MP \u00e9 fruto da r\u00e1pida mobiliza\u00e7\u00e3o das entidades da Educa\u00e7\u00e3o, dentre elas o ANDES-SN, que denunciaram a gravidade da mat\u00e9ria que buscava atacar a autonomia das Institui\u00e7\u00f5es de Ensino Superior P\u00fablicas e era flagrantemente inconstitucional\u2019\u2019, pondera.<\/p>\n<p>No dia em que a MP foi assinada, o ANDES Sindicato Nacional tomou medidas r\u00e1pidas para que a mesma fosse devolvida ao governo. Na data em quest\u00e3o, a Assessoria Jur\u00eddica Nacional entrou como Amicus curiae nos dois pedidos de inconstitucionalidade no Supremo Tribunal Federal (STF), a assessoria parlamentar do Sindicato realizou reuni\u00f5es com deputados e senadores contr\u00e1rios a MP e a diretoria nacional produziu notas de rep\u00fadio a decis\u00e3o do presidente em parceria com o conjunto das entidades da educa\u00e7\u00e3o. Houve, tamb\u00e9m, a orienta\u00e7\u00e3o para que a categoria se mobilizasse contra a MP, encaminhando e-mails aos parlamentares e ocupando espa\u00e7os nas m\u00eddias sociais.<\/p>\n<\/div>\n<div id=\"share-buttons\" class=\"col-12 col-md-06 mt-3 mx-100\"><em>Fonte: Andes-SN<\/em><\/div>\n","protected":false},"excerpt":{"rendered":"<p>Nesta sexta-feira, 12, por meio de uma rede social, o presidente do Congresso e do Senado, Davi Alcolumbre (DEM-AP), afirmou ter devolvido a Medida Provis\u00f3ria (MP) 979\/2020 ao Pal\u00e1cio do Planalto. O texto tinha como objetivo ampliar os poderes do ministro da Educa\u00e7\u00e3o, Abraham Weintraub, que passaria a ter o direito de escolher reitores tempor\u00e1rios&hellip;<\/p>\n","protected":false},"author":3,"featured_media":23485,"comment_status":"closed","ping_status":"closed","sticky":false,"template":"","format":"standard","meta":{"footnotes":""},"categories":[15],"tags":[],"class_list":["post-22837","post","type-post","status-publish","format-standard","has-post-thumbnail","hentry","category-noticias","category-15","description-off"],"_links":{"self":[{"href":"https:\/\/www.adufpb.org.br\/site\/wp-json\/wp\/v2\/posts\/22837","targetHints":{"allow":["GET"]}}],"collection":[{"href":"https:\/\/www.adufpb.org.br\/site\/wp-json\/wp\/v2\/posts"}],"about":[{"href":"https:\/\/www.adufpb.org.br\/site\/wp-json\/wp\/v2\/types\/post"}],"author":[{"embeddable":true,"href":"https:\/\/www.adufpb.org.br\/site\/wp-json\/wp\/v2\/users\/3"}],"replies":[{"embeddable":true,"href":"https:\/\/www.adufpb.org.br\/site\/wp-json\/wp\/v2\/comments?post=22837"}],"version-history":[{"count":1,"href":"https:\/\/www.adufpb.org.br\/site\/wp-json\/wp\/v2\/posts\/22837\/revisions"}],"predecessor-version":[{"id":22838,"href":"https:\/\/www.adufpb.org.br\/site\/wp-json\/wp\/v2\/posts\/22837\/revisions\/22838"}],"wp:featuredmedia":[{"embeddable":true,"href":"https:\/\/www.adufpb.org.br\/site\/wp-json\/wp\/v2\/media\/23485"}],"wp:attachment":[{"href":"https:\/\/www.adufpb.org.br\/site\/wp-json\/wp\/v2\/media?parent=22837"}],"wp:term":[{"taxonomy":"category","embeddable":true,"href":"https:\/\/www.adufpb.org.br\/site\/wp-json\/wp\/v2\/categories?post=22837"},{"taxonomy":"post_tag","embeddable":true,"href":"https:\/\/www.adufpb.org.br\/site\/wp-json\/wp\/v2\/tags?post=22837"}],"curies":[{"name":"wp","href":"https:\/\/api.w.org\/{rel}","templated":true}]}}