{"id":22796,"date":"2020-05-28T17:41:46","date_gmt":"2020-05-28T20:41:46","guid":{"rendered":"http:\/\/www.adufpb.org.br\/site\/?p=22796"},"modified":"2020-05-28T17:49:53","modified_gmt":"2020-05-28T20:49:53","slug":"assista-comunicacao-em-tempos-de-pandemia-a-verdade-entre-a-vida-e-a-morte","status":"publish","type":"post","link":"https:\/\/www.adufpb.org.br\/site\/assista-comunicacao-em-tempos-de-pandemia-a-verdade-entre-a-vida-e-a-morte\/","title":{"rendered":"ASSISTA! Comunica\u00e7\u00e3o em tempos de pandemia: a verdade entre a vida e a morte"},"content":{"rendered":"<p><iframe loading=\"lazy\" src=\"https:\/\/www.youtube.com\/embed\/FgJD2pTLhIc\" width=\"560\" height=\"315\" frameborder=\"0\" allowfullscreen=\"allowfullscreen\"><\/iframe><\/p>\n<p>Para debater o tema desta semana, a ADUFPB convidou a professora de Educomunica\u00e7\u00e3o da UFCG, Marina Magalh\u00e3es \u2013 pesquisadora associada da Centro de Pesquisa ATOPOS da Escola de Comunica\u00e7\u00e3o e Artes da Universidade de S\u00e3o Paulo (ECA\/USP) e do Instituto de Comunica\u00e7\u00e3o da Universidade Nova de Lisboa, em Portugal (ICNOVA) -, o jornalista Maur\u00edcio Melo \u2013 assessor de imprensa da ADUFPB e membro do Grupo de Pesquisa em Jornalismo e Mobilidade da UFPB (MOBJOR) \u2013 e a professora do curso de Jornalismo da UFPB, Sandra Raquew Azevedo \u2013 coordenadora do Grupo de Pesquisa em Jornalismo, G\u00eanero e Educomunica\u00e7\u00e3o da UFPB (OBJor-Semi\u00e1rido).<\/p>\n<p>A media\u00e7\u00e3o do evento ser\u00e1 realizada pela professora Iranice Muniz, do Departamento de Ci\u00eancias Sociais e Agr\u00e1rias do campus III da UFPB (DCSA\/CCHSA) e diretora da ADUFPB na secretaria-adjunta do campus III.<\/p>\n","protected":false},"excerpt":{"rendered":"<p>Para debater o tema desta semana, a ADUFPB convidou a professora de Educomunica\u00e7\u00e3o da UFCG, Marina Magalh\u00e3es \u2013 pesquisadora associada da Centro de Pesquisa ATOPOS da Escola de Comunica\u00e7\u00e3o e Artes da Universidade de S\u00e3o Paulo (ECA\/USP) e do Instituto de Comunica\u00e7\u00e3o da Universidade Nova de Lisboa, em Portugal (ICNOVA) -, o jornalista Maur\u00edcio Melo&hellip;<\/p>\n","protected":false},"author":8,"featured_media":22797,"comment_status":"closed","ping_status":"closed","sticky":false,"template":"","format":"standard","meta":{"footnotes":""},"categories":[420,417,235],"tags":[895,809,1351,1273,1325,848,1159,998],"class_list":["post-22796","post","type-post","status-publish","format-standard","has-post-thumbnail","hentry","category-multimidia","category-noticias-destaque","category-videos","tag-adufpb-2","tag-comunicacao","tag-docente","tag-professor","tag-projeto-realidade-brasileira","tag-projeto-realidade-brasileira-e-universidade","tag-sindicato","tag-ufpb","category-420","category-417","category-235","description-off"],"_links":{"self":[{"href":"https:\/\/www.adufpb.org.br\/site\/wp-json\/wp\/v2\/posts\/22796","targetHints":{"allow":["GET"]}}],"collection":[{"href":"https:\/\/www.adufpb.org.br\/site\/wp-json\/wp\/v2\/posts"}],"about":[{"href":"https:\/\/www.adufpb.org.br\/site\/wp-json\/wp\/v2\/types\/post"}],"author":[{"embeddable":true,"href":"https:\/\/www.adufpb.org.br\/site\/wp-json\/wp\/v2\/users\/8"}],"replies":[{"embeddable":true,"href":"https:\/\/www.adufpb.org.br\/site\/wp-json\/wp\/v2\/comments?post=22796"}],"version-history":[{"count":1,"href":"https:\/\/www.adufpb.org.br\/site\/wp-json\/wp\/v2\/posts\/22796\/revisions"}],"predecessor-version":[{"id":22798,"href":"https:\/\/www.adufpb.org.br\/site\/wp-json\/wp\/v2\/posts\/22796\/revisions\/22798"}],"wp:featuredmedia":[{"embeddable":true,"href":"https:\/\/www.adufpb.org.br\/site\/wp-json\/wp\/v2\/media\/22797"}],"wp:attachment":[{"href":"https:\/\/www.adufpb.org.br\/site\/wp-json\/wp\/v2\/media?parent=22796"}],"wp:term":[{"taxonomy":"category","embeddable":true,"href":"https:\/\/www.adufpb.org.br\/site\/wp-json\/wp\/v2\/categories?post=22796"},{"taxonomy":"post_tag","embeddable":true,"href":"https:\/\/www.adufpb.org.br\/site\/wp-json\/wp\/v2\/tags?post=22796"}],"curies":[{"name":"wp","href":"https:\/\/api.w.org\/{rel}","templated":true}]}}