{"id":22769,"date":"2020-05-20T21:06:18","date_gmt":"2020-05-21T00:06:18","guid":{"rendered":"http:\/\/www.adufpb.org.br\/site\/?p=22769"},"modified":"2020-05-21T12:14:28","modified_gmt":"2020-05-21T15:14:28","slug":"assista-educacao-no-brasil-e-a-universidade-pos-pandemia","status":"publish","type":"post","link":"https:\/\/www.adufpb.org.br\/site\/assista-educacao-no-brasil-e-a-universidade-pos-pandemia\/","title":{"rendered":"ASSISTA! Educa\u00e7\u00e3o no Brasil e a Universidade p\u00f3s-pandemia"},"content":{"rendered":"<p><iframe loading=\"lazy\" src=\"https:\/\/www.youtube.com\/embed\/XK9-RaAUllo\" width=\"560\" height=\"315\" frameborder=\"0\" allowfullscreen=\"allowfullscreen\"><\/iframe><\/p>\n<p>Os palestrantes s\u00e3o: o ex-reitor da UFRJ, Roberto Leher (bi\u00f3logo, pedagogo e professor titular da Faculdade de Educa\u00e7\u00e3o e do Programa de P\u00f3s-Gradua\u00e7\u00e3o em Educa\u00e7\u00e3o da UFRJ), a professora Dalila Andrade (docente visitante do Programa de P\u00f3s-gradua\u00e7\u00e3o em Educa\u00e7\u00e3o da UFPB e professora titular da UFMG, pesquisadora 1A do CNPq) e o professor Gustavo Batista (Coordenador do Programa de P\u00f3s-Gradua\u00e7\u00e3o em Direitos Humanos, Cidadania e Pol\u00edticas P\u00fablicas e membro da Comiss\u00e3o de Direitos Humanos da UFPB).<\/p>\n","protected":false},"excerpt":{"rendered":"<p>Os palestrantes s\u00e3o: o ex-reitor da UFRJ, Roberto Leher (bi\u00f3logo, pedagogo e professor titular da Faculdade de Educa\u00e7\u00e3o e do Programa de P\u00f3s-Gradua\u00e7\u00e3o em Educa\u00e7\u00e3o da UFRJ), a professora Dalila Andrade (docente visitante do Programa de P\u00f3s-gradua\u00e7\u00e3o em Educa\u00e7\u00e3o da UFPB e professora titular da UFMG, pesquisadora 1A do CNPq) e o professor Gustavo Batista&hellip;<\/p>\n","protected":false},"author":8,"featured_media":22770,"comment_status":"closed","ping_status":"closed","sticky":false,"template":"","format":"standard","meta":{"footnotes":""},"categories":[4,420,15,417,235],"tags":[895,1320,216,1321,1325,848,1037,902,998],"class_list":["post-22769","post","type-post","status-publish","format-standard","has-post-thumbnail","hentry","category-comunicacao","category-multimidia","category-noticias","category-noticias-destaque","category-videos","tag-adufpb-2","tag-covid-19","tag-educacao","tag-pandemia","tag-projeto-realidade-brasileira","tag-projeto-realidade-brasileira-e-universidade","tag-realidade-brasileira","tag-realidade-brasileira-e-universidade","tag-ufpb","category-4","category-420","category-15","category-417","category-235","description-off"],"_links":{"self":[{"href":"https:\/\/www.adufpb.org.br\/site\/wp-json\/wp\/v2\/posts\/22769","targetHints":{"allow":["GET"]}}],"collection":[{"href":"https:\/\/www.adufpb.org.br\/site\/wp-json\/wp\/v2\/posts"}],"about":[{"href":"https:\/\/www.adufpb.org.br\/site\/wp-json\/wp\/v2\/types\/post"}],"author":[{"embeddable":true,"href":"https:\/\/www.adufpb.org.br\/site\/wp-json\/wp\/v2\/users\/8"}],"replies":[{"embeddable":true,"href":"https:\/\/www.adufpb.org.br\/site\/wp-json\/wp\/v2\/comments?post=22769"}],"version-history":[{"count":1,"href":"https:\/\/www.adufpb.org.br\/site\/wp-json\/wp\/v2\/posts\/22769\/revisions"}],"predecessor-version":[{"id":22771,"href":"https:\/\/www.adufpb.org.br\/site\/wp-json\/wp\/v2\/posts\/22769\/revisions\/22771"}],"wp:featuredmedia":[{"embeddable":true,"href":"https:\/\/www.adufpb.org.br\/site\/wp-json\/wp\/v2\/media\/22770"}],"wp:attachment":[{"href":"https:\/\/www.adufpb.org.br\/site\/wp-json\/wp\/v2\/media?parent=22769"}],"wp:term":[{"taxonomy":"category","embeddable":true,"href":"https:\/\/www.adufpb.org.br\/site\/wp-json\/wp\/v2\/categories?post=22769"},{"taxonomy":"post_tag","embeddable":true,"href":"https:\/\/www.adufpb.org.br\/site\/wp-json\/wp\/v2\/tags?post=22769"}],"curies":[{"name":"wp","href":"https:\/\/api.w.org\/{rel}","templated":true}]}}