{"id":22737,"date":"2020-05-19T09:24:59","date_gmt":"2020-05-19T12:24:59","guid":{"rendered":"http:\/\/www.adufpb.org.br\/site\/?p=22737"},"modified":"2020-10-07T22:07:18","modified_gmt":"2020-10-08T01:07:18","slug":"adufpb-realiza-reuniao-com-o-juridico-sobre-acao-que-contesta-corte-na-insalubridade","status":"publish","type":"post","link":"https:\/\/www.adufpb.org.br\/site\/adufpb-realiza-reuniao-com-o-juridico-sobre-acao-que-contesta-corte-na-insalubridade\/","title":{"rendered":"ADUFPB realiza reuni\u00e3o com o jur\u00eddico sobre a\u00e7\u00e3o que contesta corte na insalubridade"},"content":{"rendered":"<p dir=\"ltr\">A assessoria jur\u00eddica da ADUFPB participa na pr\u00f3xima quinta-feira (21\/5), \u00e0s 15h, de uma reuni\u00e3o online com os professores que sofreram cortes no pagamento do adicional de insalubridade. A atividade vai tratar da a\u00e7\u00e3o a ser impetrada pelo sindicato para cobrar a retomada do benef\u00edcio.<\/p>\n<p dir=\"ltr\">Ela ocorrer\u00e1 por meio da plataforma de videoconfer\u00eancia Zoom. Para participar pelo celular, \u00e9 necess\u00e1rio ter o aplicativo baixado no aparelho. Pelo computador ou laptop, basta apenas clicar no link que ser\u00e1 disponibilizado momentos antes do evento pelo Whatsapp da ADUFPB (99645-7000).<\/p>\n<p dir=\"ltr\">Os cortes no adicional por insalubridade come\u00e7aram em 2018 e atingem principalmente os professores dos campi de Areia e Bananeiras. Desde o in\u00edcio, a Diretoria Executiva da ADUFPB tem buscado reverter o problema de forma administrativa em audi\u00eancias com a Reitoria, mas mesmo assim os cortes foram mantidos.<\/p>\n<p dir=\"ltr\">A medida tem como base na Orienta\u00e7\u00e3o Normativa n.\u00ba 4\/2017 \u2013 editada pela Secretaria de Gest\u00e3o de Pessoas e Rela\u00e7\u00f5es do Trabalho no Servi\u00e7o P\u00fablico do Minist\u00e9rio do Planejamento, mas \u00e9 contr\u00e1ria a princ\u00edpios legais.<\/p>\n<p dir=\"ltr\">Por esse motivo, no dia 11 de dezembro do ano passado, os professores sindicalizados, reunidos em assembleia geral, autorizaram a ADUFPB, em vota\u00e7\u00e3o un\u00e2nime, a impretrar a\u00e7\u00e3o na Justi\u00e7a cobrando a retomada do pagamento da insalubridade. Al\u00e9m disso, a assembleia autorizou que os docentes atingidos pelo processo discutissem e aprovassem o contrato de presta\u00e7\u00e3o de servi\u00e7o jur\u00eddico.<\/p>\n<p dir=\"ltr\"><strong>AGENDE-SE<\/strong><\/p>\n<p dir=\"ltr\"><strong>Reuni\u00e3o da assessoria jur\u00eddica sobre corte da insalubridade<\/strong><\/p>\n<p dir=\"ltr\"><em><strong>Videoconfer\u00eancia pelo Zoom<\/strong><\/em><\/p>\n<p><strong>Data:<\/strong> quinta-feira, 21\/5<\/p>\n<p dir=\"ltr\"><strong>Hor\u00e1rio:<\/strong> 15h<\/p>\n<p dir=\"ltr\"><em>Fonte: Ascom ADUFPB<\/em><\/p>\n","protected":false},"excerpt":{"rendered":"<p>A assessoria jur\u00eddica da ADUFPB participa na pr\u00f3xima quinta-feira (21\/5), \u00e0s 15h, de uma reuni\u00e3o online com os professores que sofreram cortes no pagamento do adicional de insalubridade. A atividade vai tratar da a\u00e7\u00e3o a ser impetrada pelo sindicato para cobrar a retomada do benef\u00edcio. Ela ocorrer\u00e1 por meio da plataforma de videoconfer\u00eancia Zoom. Para&hellip;<\/p>\n","protected":false},"author":3,"featured_media":23485,"comment_status":"closed","ping_status":"closed","sticky":false,"template":"","format":"standard","meta":{"footnotes":""},"categories":[15],"tags":[467,102],"class_list":["post-22737","post","type-post","status-publish","format-standard","has-post-thumbnail","hentry","category-noticias","tag-assuntos-juridicos","tag-insalubridade","category-15","description-off"],"_links":{"self":[{"href":"https:\/\/www.adufpb.org.br\/site\/wp-json\/wp\/v2\/posts\/22737","targetHints":{"allow":["GET"]}}],"collection":[{"href":"https:\/\/www.adufpb.org.br\/site\/wp-json\/wp\/v2\/posts"}],"about":[{"href":"https:\/\/www.adufpb.org.br\/site\/wp-json\/wp\/v2\/types\/post"}],"author":[{"embeddable":true,"href":"https:\/\/www.adufpb.org.br\/site\/wp-json\/wp\/v2\/users\/3"}],"replies":[{"embeddable":true,"href":"https:\/\/www.adufpb.org.br\/site\/wp-json\/wp\/v2\/comments?post=22737"}],"version-history":[{"count":1,"href":"https:\/\/www.adufpb.org.br\/site\/wp-json\/wp\/v2\/posts\/22737\/revisions"}],"predecessor-version":[{"id":22738,"href":"https:\/\/www.adufpb.org.br\/site\/wp-json\/wp\/v2\/posts\/22737\/revisions\/22738"}],"wp:featuredmedia":[{"embeddable":true,"href":"https:\/\/www.adufpb.org.br\/site\/wp-json\/wp\/v2\/media\/23485"}],"wp:attachment":[{"href":"https:\/\/www.adufpb.org.br\/site\/wp-json\/wp\/v2\/media?parent=22737"}],"wp:term":[{"taxonomy":"category","embeddable":true,"href":"https:\/\/www.adufpb.org.br\/site\/wp-json\/wp\/v2\/categories?post=22737"},{"taxonomy":"post_tag","embeddable":true,"href":"https:\/\/www.adufpb.org.br\/site\/wp-json\/wp\/v2\/tags?post=22737"}],"curies":[{"name":"wp","href":"https:\/\/api.w.org\/{rel}","templated":true}]}}