{"id":22690,"date":"2020-05-11T10:27:22","date_gmt":"2020-05-11T13:27:22","guid":{"rendered":"http:\/\/www.adufpb.org.br\/site\/?p=22690"},"modified":"2020-05-11T15:02:32","modified_gmt":"2020-05-11T18:02:32","slug":"projeto-realidade-brasileira-e-universidade-debate-saude-docente-em-tempos-de-pandemia","status":"publish","type":"post","link":"https:\/\/www.adufpb.org.br\/site\/projeto-realidade-brasileira-e-universidade-debate-saude-docente-em-tempos-de-pandemia\/","title":{"rendered":"Projeto Realidade Brasileira e Universidade debate sa\u00fade docente em tempos de pandemia"},"content":{"rendered":"<p>&#8220;Pandemia e sa\u00fade docente&#8221; ser\u00e1 o tema da pr\u00f3xima live do projeto Realidade Brasileira e Universidade, organizado pela ADUFPB.\u00a0A atividade ocorrer\u00e1 na pr\u00f3xima quarta-feira (13\/5), \u00e0s 16h, e ser\u00e1 transmitida pelo YouTube. Os internautas v\u00e3o poder interagir, comentar e fazer perguntas aos palestrantes por meio do chat da plataforma.<\/p>\n<p>Este j\u00e1 \u00e9 o quinto evento do projeto Realidade Brasileira e Universidade realizado pela internet. Desde o in\u00edcio das medidas de isolamento social para preven\u00e7\u00e3o da covid-19, a ADUFPB j\u00e1 debateu temas como as formas de enfrentamento \u00e0 pandemia, perspectivas pol\u00edticas, desafios do ensino \u00e0 dist\u00e2ncia e viol\u00eancia contra a mulher.<\/p>\n<p>Desta vez, a atividade ter\u00e1 como palestrantes as professoras Jaqueline Brito (Centro de Educa\u00e7\u00e3o da UFPB e Programa de P\u00f3s Gradua\u00e7\u00e3o em Enfermagem &#8211; PPGENF\/CCS\/UFPB) e Lenilma Bento (Departamento de Enfermagem da UFPB e coordenadora do N\u00facleo de Estudos em Sa\u00fade Coletiva) e o m\u00e9dico ginecologista e presidente do Conselho Regional de Medicina da Para\u00edba, Roberto Magliano. A media\u00e7\u00e3o ficar\u00e1 com professora do Departamento de Educa\u00e7\u00e3o e diretora para Assuntos de Aposentadoria da ADUFPB, Maria Ivete Correia.<\/p>\n<p><strong>Lembrete<\/strong><\/p>\n<p>Para receber um lembrete antes do in\u00edcio do evento, basta cadastrar-se na lista de transmiss\u00e3o da ADUFPB no Whatsapp. \u00c9 simples: adicione na agenda do seu celular o n\u00famero 99645-7000 e depois mande uma mensagem para ele informando que autoriza o envio dos nossos comunicados. Pronto, voc\u00ea ser\u00e1 cadastrado na nossa lista e passar\u00e1 a receber not\u00edcias e informes do sindicato.<\/p>\n<p>Outra maneira de receber um lembrete sobre o evento desta quarta-feira \u00e9 inscrever-se no canal da ADUFPB no YouTube e clicar no sininho que aparece ao lado da palavra \u201cinscrito\u201d. Desta forma, o usu\u00e1rio ser\u00e1 comunicado pelo pr\u00f3prio YouTube sempre que forem adicionados v\u00eddeos novos e quando dermos in\u00edcio a transmiss\u00f5es ao vivo.<\/p>\n<p style=\"text-align: center;\"><span style=\"text-decoration: underline;\"><strong>AGENDE-SE<\/strong><\/span><\/p>\n<p><strong>Projeto Realidade Brasileira e Universidade<\/strong><br \/>\n<strong>Tema:<\/strong> Pandemia e sa\u00fade docente<br \/>\n<em>Live pelo YouTube (www.youtube.com\/ADUFPB)<\/em><\/p>\n<p><strong>Data:<\/strong> quarta-feira, 13 de maio<br \/>\n<strong>Hor\u00e1rio:<\/strong> 16h<\/p>\n<p><strong>Palestrantes:<\/strong><\/p>\n<p>&#8211; Jaqueline Brito &#8211; Centro de Educa\u00e7\u00e3o da UFPB e Programa de P\u00f3s Gradua\u00e7\u00e3o em Enfermagem &#8211; PPGENF\/CCS\/UFPB<\/p>\n<p>&#8211; Lenilma Bento &#8211; Departamento de Enfermagem da UFPB e coordenadora do N\u00facleo de Estudos em Sa\u00fade Coletiva<\/p>\n<p>&#8211;\u00a0Roberto Magliano &#8211; m\u00e9dico ginecologista e presidente do Conselho Regional de Medicina da Para\u00edba (CRM-PB)<\/p>\n<p><strong>Media\u00e7\u00e3o:<\/strong><\/p>\n<p>&#8211; Maria Ivete Correia &#8211;\u00a0professora do Departamento de Educa\u00e7\u00e3o e diretora para Assuntos de Aposentadoria da ADUFPB<\/p>\n<p><em>Fonte: Ascom ADUFPB<\/em><\/p>\n","protected":false},"excerpt":{"rendered":"<p>&#8220;Pandemia e sa\u00fade docente&#8221; ser\u00e1 o tema da pr\u00f3xima live do projeto Realidade Brasileira e Universidade, organizado pela ADUFPB.\u00a0A atividade ocorrer\u00e1 na pr\u00f3xima quarta-feira (13\/5), \u00e0s 16h, e ser\u00e1 transmitida pelo YouTube. Os internautas v\u00e3o poder interagir, comentar e fazer perguntas aos palestrantes por meio do chat da plataforma. Este j\u00e1 \u00e9 o quinto evento&hellip;<\/p>\n","protected":false},"author":3,"featured_media":22713,"comment_status":"closed","ping_status":"closed","sticky":false,"template":"","format":"standard","meta":{"footnotes":""},"categories":[15],"tags":[1320,1321,902,1344],"class_list":["post-22690","post","type-post","status-publish","format-standard","has-post-thumbnail","hentry","category-noticias","tag-covid-19","tag-pandemia","tag-realidade-brasileira-e-universidade","tag-saude-docente","category-15","description-off"],"_links":{"self":[{"href":"https:\/\/www.adufpb.org.br\/site\/wp-json\/wp\/v2\/posts\/22690","targetHints":{"allow":["GET"]}}],"collection":[{"href":"https:\/\/www.adufpb.org.br\/site\/wp-json\/wp\/v2\/posts"}],"about":[{"href":"https:\/\/www.adufpb.org.br\/site\/wp-json\/wp\/v2\/types\/post"}],"author":[{"embeddable":true,"href":"https:\/\/www.adufpb.org.br\/site\/wp-json\/wp\/v2\/users\/3"}],"replies":[{"embeddable":true,"href":"https:\/\/www.adufpb.org.br\/site\/wp-json\/wp\/v2\/comments?post=22690"}],"version-history":[{"count":8,"href":"https:\/\/www.adufpb.org.br\/site\/wp-json\/wp\/v2\/posts\/22690\/revisions"}],"predecessor-version":[{"id":22712,"href":"https:\/\/www.adufpb.org.br\/site\/wp-json\/wp\/v2\/posts\/22690\/revisions\/22712"}],"wp:featuredmedia":[{"embeddable":true,"href":"https:\/\/www.adufpb.org.br\/site\/wp-json\/wp\/v2\/media\/22713"}],"wp:attachment":[{"href":"https:\/\/www.adufpb.org.br\/site\/wp-json\/wp\/v2\/media?parent=22690"}],"wp:term":[{"taxonomy":"category","embeddable":true,"href":"https:\/\/www.adufpb.org.br\/site\/wp-json\/wp\/v2\/categories?post=22690"},{"taxonomy":"post_tag","embeddable":true,"href":"https:\/\/www.adufpb.org.br\/site\/wp-json\/wp\/v2\/tags?post=22690"}],"curies":[{"name":"wp","href":"https:\/\/api.w.org\/{rel}","templated":true}]}}