{"id":22600,"date":"2020-04-27T17:45:18","date_gmt":"2020-04-27T20:45:18","guid":{"rendered":"http:\/\/www.adufpb.org.br\/site\/?p=22600"},"modified":"2020-04-27T17:45:18","modified_gmt":"2020-04-27T20:45:18","slug":"governo-apresenta-programa-para-desmonte-total-do-estado-pos-pandemia","status":"publish","type":"post","link":"https:\/\/www.adufpb.org.br\/site\/governo-apresenta-programa-para-desmonte-total-do-estado-pos-pandemia\/","title":{"rendered":"Governo apresenta programa para desmonte total do Estado p\u00f3s-pandemia"},"content":{"rendered":"<p><a href=\"http:\/\/www.adufpb.org.br\/site\/wp-content\/uploads\/2020\/04\/guedes.jpg\"><img loading=\"lazy\" decoding=\"async\" class=\"alignright size-medium wp-image-22603\" alt=\"guedes\" src=\"http:\/\/www.adufpb.org.br\/site\/wp-content\/uploads\/2020\/04\/guedes-300x179.jpg\" width=\"300\" height=\"179\" srcset=\"https:\/\/www.adufpb.org.br\/site\/wp-content\/uploads\/2020\/04\/guedes-300x179.jpg 300w, https:\/\/www.adufpb.org.br\/site\/wp-content\/uploads\/2020\/04\/guedes-1024x612.jpg 1024w, https:\/\/www.adufpb.org.br\/site\/wp-content\/uploads\/2020\/04\/guedes.jpg 1170w\" sizes=\"auto, (max-width: 300px) 100vw, 300px\" \/><\/a>Ironicamente chamado de &#8220;A Reconstru\u00e7\u00e3o do Estado&#8221;, o programa apresentado nessa quarta-feira (22) pelo Minist\u00e9rio da Economia prev\u00ea o desmonte total da m\u00e1quina p\u00fablica. A proposta foi ofuscada por outro programa, o Pr\u00f3-Brasil, tamb\u00e9m anunciado em coletiva de imprensa ontem pelo ministro-chefe da Casa Civil, general Braga Netto.<\/p>\n<p>O projeto desenvolvido pela Secretaria Especial de Desestatiza\u00e7\u00e3o, Desinvestimento e Mercados do Minist\u00e9rio da Economia (SEDDM), assinado por Guedes, prop\u00f5e como solu\u00e7\u00f5es centrais para o pa\u00eds p\u00f3s-covid-19 tr\u00eas eixos: venda de ativos da Uni\u00e3o; acelerar o programa de concess\u00f5es e investimentos; e reformas estruturantes.<\/p>\n<p>&#8220;Reduzir o tamanho do Estado e reordenar o seu papel na economia, por meio de pol\u00edticas de desestatiza\u00e7\u00e3o e desinvestimento, incluindo a formula\u00e7\u00e3o de novas diretrizes, coordena\u00e7\u00e3o e defini\u00e7\u00e3o de crit\u00e9rios de governan\u00e7a corporativa das empresas estatais federais, bem como a racionaliza\u00e7\u00e3o do patrim\u00f4nio da Uni\u00e3o&#8221;, \u00e9 a fun\u00e7\u00e3o da SEDDM, conforme aponta o documento.<\/p>\n<p>De acordo com a apresenta\u00e7\u00e3o disponibilizada pela pasta, as medidas seriam necess\u00e1rias para recuperar a economia do Pa\u00eds. Na previs\u00e3o do Minist\u00e9rio da Economia, a d\u00edvida p\u00fablica pode chegar a 90% do PIB ao final desse ano.<\/p>\n<p>O arquivo apresenta uma lista de empresas p\u00fablicas divididas entre as que j\u00e1 est\u00e3o em processo de desestatiza\u00e7\u00e3o, as pass\u00edveis de desestatiza\u00e7\u00e3o e as que n\u00e3o devem ser estatizadas. Nesse segundo grupo, aparece a Empresa Brasileira de Servi\u00e7os Hospitalares \u2013 Ebserh.<\/p>\n<p><strong><a href=\"http:\/\/www.adufpb.org.br\/site\/wp-content\/uploads\/2020\/04\/estatais-venda-Programa-traz-ainda-um-calend\u00e1rio-para-a-privatiza\u00e7\u00e3o-das-estatais.png\"><img loading=\"lazy\" decoding=\"async\" class=\"alignright size-medium wp-image-22602\" alt=\"estatais venda-Programa traz ainda um calend\u00e1rio para a privatiza\u00e7\u00e3o das estatais\" src=\"http:\/\/www.adufpb.org.br\/site\/wp-content\/uploads\/2020\/04\/estatais-venda-Programa-traz-ainda-um-calend\u00e1rio-para-a-privatiza\u00e7\u00e3o-das-estatais-300x168.png\" width=\"300\" height=\"168\" srcset=\"https:\/\/www.adufpb.org.br\/site\/wp-content\/uploads\/2020\/04\/estatais-venda-Programa-traz-ainda-um-calend\u00e1rio-para-a-privatiza\u00e7\u00e3o-das-estatais-300x168.png 300w, https:\/\/www.adufpb.org.br\/site\/wp-content\/uploads\/2020\/04\/estatais-venda-Programa-traz-ainda-um-calend\u00e1rio-para-a-privatiza\u00e7\u00e3o-das-estatais-1024x575.png 1024w, https:\/\/www.adufpb.org.br\/site\/wp-content\/uploads\/2020\/04\/estatais-venda-Programa-traz-ainda-um-calend\u00e1rio-para-a-privatiza\u00e7\u00e3o-das-estatais.png 1119w\" sizes=\"auto, (max-width: 300px) 100vw, 300px\" \/><\/a>&#8220;Vantagens&#8221; da desestatiza\u00e7\u00e3o<\/strong><br \/>\nCom foco em atender a demanda de empresas e bancos, a SEDDM apresenta, como vantagens da desestatiza\u00e7\u00e3o para o setor privado, a melhoria do ambiente de neg\u00f3cios, a abertura comercial, o aumento da competitividade e o fortalecimento do mercado.<\/p>\n<p>J\u00e1 entre os benef\u00edcios para o setor p\u00fablico, na perspectiva neoliberal, o documento aponta a redu\u00e7\u00e3o do tamanho do Estado e sua presen\u00e7a na economia. &#8220;Vamos transformar o Brasil em uma sociedade aberta e no caminho da prosperidade!&#8221;, afirma Paulo Guedes, ministro da Economia, ao final da apresenta\u00e7\u00e3o.<\/p>\n<p><a href=\"http:\/\/www.andes.org.br\/diretorios\/files\/renata\/A%20reconstru%C3%A7%C3%A3o%20do%20estado%20-%20SEDDM%20(22_04_2020)%20(1).pdf\" target=\"_blank\">Confira aqui o programa.<\/a><\/p>\n<p><strong>Pr\u00f3-Brasil<\/strong><br \/>\nJ\u00e1 o Pr\u00f3-Brasil foi desenvolvido pela dita &#8220;ala pol\u00edtica&#8221; do governo, em conjunto com diversos minist\u00e9rios. Ou seja, na narrativa constru\u00edda pelos personagens do Executivo Federal, n\u00e3o se baseia apenas em posi\u00e7\u00f5es t\u00e9cnicas e, segundo especula\u00e7\u00f5es da imprensa, n\u00e3o teria o apoio do ministro da Economia, Paulo Guedes, que n\u00e3o esteve presente na coletiva de imprensa.<\/p>\n<p>O programa re\u00fane a\u00e7\u00f5es de todos os minist\u00e9rios e ser\u00e1 coordenado pela Casa Civil. Segundo a pasta, foram definidos dois eixos de a\u00e7\u00e3o: Ordem e Progresso. No eixo Ordem ser\u00e3o contempladas medidas como altera\u00e7\u00f5es do arcabou\u00e7o normativo, atra\u00e7\u00e3o de investimentos privados, seguran\u00e7a jur\u00eddica, melhoria do ambiente de neg\u00f3cios e mitiga\u00e7\u00e3o dos impactos socioecon\u00f4micos. No eixo Progresso, est\u00e3o previstos investimentos com obras p\u00fablicas, custeadas pelo governo federal, em parcerias com o setor privado.<\/p>\n<p>A fase de estrutura\u00e7\u00e3o do programa ser\u00e1 entre maio e julho. O detalhamento dos projetos ser\u00e3o feitos em setembro para a implanta\u00e7\u00e3o a partir de outubro.<\/p>\n<div id=\"noticia-descricao\">\n<p><strong><a href=\"http:\/\/www.adufpb.org.br\/site\/wp-content\/uploads\/2020\/04\/probrasil.png\"><img loading=\"lazy\" decoding=\"async\" class=\"alignright size-medium wp-image-22601\" alt=\"probrasil\" src=\"http:\/\/www.adufpb.org.br\/site\/wp-content\/uploads\/2020\/04\/probrasil-300x144.png\" width=\"300\" height=\"144\" srcset=\"https:\/\/www.adufpb.org.br\/site\/wp-content\/uploads\/2020\/04\/probrasil-300x144.png 300w, https:\/\/www.adufpb.org.br\/site\/wp-content\/uploads\/2020\/04\/probrasil-1024x491.png 1024w, https:\/\/www.adufpb.org.br\/site\/wp-content\/uploads\/2020\/04\/probrasil.png 1243w\" sizes=\"auto, (max-width: 300px) 100vw, 300px\" \/><\/a>Propaganda racista<\/strong><br \/>\nChamou a aten\u00e7\u00e3o o cartaz de divulga\u00e7\u00e3o do projeto, que foi apresentado durante a coletiva de quarta-feira. Trata-se de uma imagem com cinco crian\u00e7as olhando para o slogan do governo. Todas brancas.<\/p>\n<\/div>\n<div id=\"share-buttons\"><em>Fonte: Andes-SN<\/em><\/div>\n","protected":false},"excerpt":{"rendered":"<p>Ironicamente chamado de &#8220;A Reconstru\u00e7\u00e3o do Estado&#8221;, o programa apresentado nessa quarta-feira (22) pelo Minist\u00e9rio da Economia prev\u00ea o desmonte total da m\u00e1quina p\u00fablica. A proposta foi ofuscada por outro programa, o Pr\u00f3-Brasil, tamb\u00e9m anunciado em coletiva de imprensa ontem pelo ministro-chefe da Casa Civil, general Braga Netto. O projeto desenvolvido pela Secretaria Especial de&hellip;<\/p>\n","protected":false},"author":3,"featured_media":0,"comment_status":"closed","ping_status":"closed","sticky":false,"template":"","format":"standard","meta":{"footnotes":""},"categories":[15],"tags":[1198,1334],"class_list":["post-22600","post","type-post","status-publish","format-standard","hentry","category-noticias","tag-paulo-guedes","tag-pro-brasil","category-15","description-off"],"_links":{"self":[{"href":"https:\/\/www.adufpb.org.br\/site\/wp-json\/wp\/v2\/posts\/22600","targetHints":{"allow":["GET"]}}],"collection":[{"href":"https:\/\/www.adufpb.org.br\/site\/wp-json\/wp\/v2\/posts"}],"about":[{"href":"https:\/\/www.adufpb.org.br\/site\/wp-json\/wp\/v2\/types\/post"}],"author":[{"embeddable":true,"href":"https:\/\/www.adufpb.org.br\/site\/wp-json\/wp\/v2\/users\/3"}],"replies":[{"embeddable":true,"href":"https:\/\/www.adufpb.org.br\/site\/wp-json\/wp\/v2\/comments?post=22600"}],"version-history":[{"count":1,"href":"https:\/\/www.adufpb.org.br\/site\/wp-json\/wp\/v2\/posts\/22600\/revisions"}],"predecessor-version":[{"id":22604,"href":"https:\/\/www.adufpb.org.br\/site\/wp-json\/wp\/v2\/posts\/22600\/revisions\/22604"}],"wp:attachment":[{"href":"https:\/\/www.adufpb.org.br\/site\/wp-json\/wp\/v2\/media?parent=22600"}],"wp:term":[{"taxonomy":"category","embeddable":true,"href":"https:\/\/www.adufpb.org.br\/site\/wp-json\/wp\/v2\/categories?post=22600"},{"taxonomy":"post_tag","embeddable":true,"href":"https:\/\/www.adufpb.org.br\/site\/wp-json\/wp\/v2\/tags?post=22600"}],"curies":[{"name":"wp","href":"https:\/\/api.w.org\/{rel}","templated":true}]}}