{"id":22592,"date":"2020-04-24T08:42:29","date_gmt":"2020-04-24T11:42:29","guid":{"rendered":"http:\/\/www.adufpb.org.br\/site\/?p=22592"},"modified":"2020-04-24T08:42:29","modified_gmt":"2020-04-24T11:42:29","slug":"adufpb-doa-100-face-shields-a-secretaria-municipal-de-saude-de-conde","status":"publish","type":"post","link":"https:\/\/www.adufpb.org.br\/site\/adufpb-doa-100-face-shields-a-secretaria-municipal-de-saude-de-conde\/","title":{"rendered":"ADUFPB doa 100 face shields \u00e0 secretaria municipal de Sa\u00fade de Conde"},"content":{"rendered":"<p dir=\"ltr\">A ADUFPB realizou nesta quinta-feira (23\/4) mais uma entrega de equipamentos de prote\u00e7\u00e3o individual (EPIs) para uso dos profissionais de sa\u00fade que est\u00e3o na linha de frente do combate \u00e0 covid-19. A doa\u00e7\u00e3o desta vez foi de 100 face shields (m\u00e1scaras em acetato que protegem todo o rosto do profissional), que ser\u00e3o utilizados pela Secretaria de Sa\u00fade de Conde, munic\u00edpio localizado na regi\u00e3o metropolitana de Jo\u00e3o Pessoa.<\/p>\n<p dir=\"ltr\">A entrega foi feita pelo presidente da ADUFPB, Fernando Cunha, \u00e0 secret\u00e1ria de municipal de Sa\u00fade, Renata Martins Domingos. Os equipamentos doados foram produzidos gra\u00e7as a uma parceria da ADUFPB com o Laborat\u00f3rio de Fabrica\u00e7\u00e3o Digital da UFPB (FabLab), por meio do projeto \u201cFablab UFPB na luta contra a covid-19\u201d, coordenador pelo professor Euler Mac\u00eado.<\/p>\n<p dir=\"ltr\">No total, cerca de 1.500 face shields ser\u00e3o produzidos por meio dessa parceria e distribu\u00eddos com profissionais da \u00e1rea de sa\u00fade. A ADUFPB doou as folhas de acetato necess\u00e1rias para a confec\u00e7\u00e3o dos equipamentos pelos volunt\u00e1rios do FabLab, que utilizam impressoras 3D para a fabrica\u00e7\u00e3o dos EPIs.<\/p>\n<p dir=\"ltr\"><a href=\"http:\/\/www.adufpb.org.br\/site\/wp-content\/uploads\/2020\/04\/entrega-de-m\u00e1scaras-\u00e0-secretria-de-sa\u00fade-do-conde-2.jpeg\"><img loading=\"lazy\" decoding=\"async\" class=\"aligncenter size-medium wp-image-22594\" alt=\"entrega de m\u00e1scaras \u00e0 secretria de sa\u00fade do conde 2\" src=\"http:\/\/www.adufpb.org.br\/site\/wp-content\/uploads\/2020\/04\/entrega-de-m\u00e1scaras-\u00e0-secretria-de-sa\u00fade-do-conde-2-300x225.jpeg\" width=\"300\" height=\"225\" srcset=\"https:\/\/www.adufpb.org.br\/site\/wp-content\/uploads\/2020\/04\/entrega-de-m\u00e1scaras-\u00e0-secretria-de-sa\u00fade-do-conde-2-300x225.jpeg 300w, https:\/\/www.adufpb.org.br\/site\/wp-content\/uploads\/2020\/04\/entrega-de-m\u00e1scaras-\u00e0-secretria-de-sa\u00fade-do-conde-2-1024x768.jpeg 1024w, https:\/\/www.adufpb.org.br\/site\/wp-content\/uploads\/2020\/04\/entrega-de-m\u00e1scaras-\u00e0-secretria-de-sa\u00fade-do-conde-2.jpeg 1280w\" sizes=\"auto, (max-width: 300px) 100vw, 300px\" \/><\/a>\u00a0<a href=\"http:\/\/www.adufpb.org.br\/site\/wp-content\/uploads\/2020\/04\/entrega-de-m\u00e1scaras-\u00e0-secretria-de-sa\u00fade-do-conde-3.jpeg\"><img loading=\"lazy\" decoding=\"async\" class=\"aligncenter size-medium wp-image-22593\" alt=\"entrega de m\u00e1scaras \u00e0 secretria de sa\u00fade do conde 3\" src=\"http:\/\/www.adufpb.org.br\/site\/wp-content\/uploads\/2020\/04\/entrega-de-m\u00e1scaras-\u00e0-secretria-de-sa\u00fade-do-conde-3-300x225.jpeg\" width=\"300\" height=\"225\" srcset=\"https:\/\/www.adufpb.org.br\/site\/wp-content\/uploads\/2020\/04\/entrega-de-m\u00e1scaras-\u00e0-secretria-de-sa\u00fade-do-conde-3-300x225.jpeg 300w, https:\/\/www.adufpb.org.br\/site\/wp-content\/uploads\/2020\/04\/entrega-de-m\u00e1scaras-\u00e0-secretria-de-sa\u00fade-do-conde-3-1024x768.jpeg 1024w, https:\/\/www.adufpb.org.br\/site\/wp-content\/uploads\/2020\/04\/entrega-de-m\u00e1scaras-\u00e0-secretria-de-sa\u00fade-do-conde-3.jpeg 1280w\" sizes=\"auto, (max-width: 300px) 100vw, 300px\" \/><\/a><\/p>\n<p>&nbsp;<\/p>\n<p><em>Fonte: Ascom ADUFPB<\/em><\/p>\n","protected":false},"excerpt":{"rendered":"<p>A ADUFPB realizou nesta quinta-feira (23\/4) mais uma entrega de equipamentos de prote\u00e7\u00e3o individual (EPIs) para uso dos profissionais de sa\u00fade que est\u00e3o na linha de frente do combate \u00e0 covid-19. A doa\u00e7\u00e3o desta vez foi de 100 face shields (m\u00e1scaras em acetato que protegem todo o rosto do profissional), que ser\u00e3o utilizados pela Secretaria&hellip;<\/p>\n","protected":false},"author":3,"featured_media":0,"comment_status":"closed","ping_status":"closed","sticky":false,"template":"","format":"standard","meta":{"footnotes":""},"categories":[15],"tags":[1319,1320,1330,1333,1332],"class_list":["post-22592","post","type-post","status-publish","format-standard","hentry","category-noticias","tag-coronavirus","tag-covid-19","tag-doacao","tag-face-shields","tag-mascaras","category-15","description-off"],"_links":{"self":[{"href":"https:\/\/www.adufpb.org.br\/site\/wp-json\/wp\/v2\/posts\/22592","targetHints":{"allow":["GET"]}}],"collection":[{"href":"https:\/\/www.adufpb.org.br\/site\/wp-json\/wp\/v2\/posts"}],"about":[{"href":"https:\/\/www.adufpb.org.br\/site\/wp-json\/wp\/v2\/types\/post"}],"author":[{"embeddable":true,"href":"https:\/\/www.adufpb.org.br\/site\/wp-json\/wp\/v2\/users\/3"}],"replies":[{"embeddable":true,"href":"https:\/\/www.adufpb.org.br\/site\/wp-json\/wp\/v2\/comments?post=22592"}],"version-history":[{"count":1,"href":"https:\/\/www.adufpb.org.br\/site\/wp-json\/wp\/v2\/posts\/22592\/revisions"}],"predecessor-version":[{"id":22595,"href":"https:\/\/www.adufpb.org.br\/site\/wp-json\/wp\/v2\/posts\/22592\/revisions\/22595"}],"wp:attachment":[{"href":"https:\/\/www.adufpb.org.br\/site\/wp-json\/wp\/v2\/media?parent=22592"}],"wp:term":[{"taxonomy":"category","embeddable":true,"href":"https:\/\/www.adufpb.org.br\/site\/wp-json\/wp\/v2\/categories?post=22592"},{"taxonomy":"post_tag","embeddable":true,"href":"https:\/\/www.adufpb.org.br\/site\/wp-json\/wp\/v2\/tags?post=22592"}],"curies":[{"name":"wp","href":"https:\/\/api.w.org\/{rel}","templated":true}]}}