{"id":22579,"date":"2020-04-22T19:28:05","date_gmt":"2020-04-22T22:28:05","guid":{"rendered":"http:\/\/www.adufpb.org.br\/site\/?p=22579"},"modified":"2020-04-22T19:28:05","modified_gmt":"2020-04-22T22:28:05","slug":"assista-projeto-realidade-brasileira-e-universidade-discute-perspectivas-politicas-em-meio-a-pandemia","status":"publish","type":"post","link":"https:\/\/www.adufpb.org.br\/site\/assista-projeto-realidade-brasileira-e-universidade-discute-perspectivas-politicas-em-meio-a-pandemia\/","title":{"rendered":"ASSISTA! Projeto Realidade Brasileira e Universidade discute perspectivas pol\u00edticas em meio \u00e0 pandemia"},"content":{"rendered":"<p>Participam do evento como palestrantes os professores Jaldes Meneses, do Departamento de Hist\u00f3ria da UFPB, Luiz Ara\u00fajo, da Faculdade de Educa\u00e7\u00e3o da UNB e secret\u00e1rio geral da ADUNB, e Cristiano Ruiz Engelkedo Instituto de Ci\u00eancias Humanas e da Informa\u00e7\u00e3o (ICHI\/FURG) e presidente da APROGURG.<\/p>\n<p>Assista ao debate:<\/p>\n<p><iframe loading=\"lazy\" src=\"https:\/\/www.youtube.com\/embed\/2zLKS_mP53M\" height=\"315\" width=\"560\" allowfullscreen=\"\" frameborder=\"0\"><\/iframe><\/p>\n","protected":false},"excerpt":{"rendered":"<p>Participam do evento como palestrantes os professores Jaldes Meneses, do Departamento de Hist\u00f3ria da UFPB, Luiz Ara\u00fajo, da Faculdade de Educa\u00e7\u00e3o da UNB e secret\u00e1rio geral da ADUNB, e Cristiano Ruiz Engelkedo Instituto de Ci\u00eancias Humanas e da Informa\u00e7\u00e3o (ICHI\/FURG) e presidente da APROGURG. Assista ao debate:<\/p>\n","protected":false},"author":8,"featured_media":22580,"comment_status":"closed","ping_status":"closed","sticky":false,"template":"","format":"video","meta":{"footnotes":""},"categories":[15,417,235],"tags":[895,1320,1321,848,998],"class_list":["post-22579","post","type-post","status-publish","format-video","has-post-thumbnail","hentry","category-noticias","category-noticias-destaque","category-videos","tag-adufpb-2","tag-covid-19","tag-pandemia","tag-projeto-realidade-brasileira-e-universidade","tag-ufpb","post_format-post-format-video","category-15","category-417","category-235","description-off"],"_links":{"self":[{"href":"https:\/\/www.adufpb.org.br\/site\/wp-json\/wp\/v2\/posts\/22579","targetHints":{"allow":["GET"]}}],"collection":[{"href":"https:\/\/www.adufpb.org.br\/site\/wp-json\/wp\/v2\/posts"}],"about":[{"href":"https:\/\/www.adufpb.org.br\/site\/wp-json\/wp\/v2\/types\/post"}],"author":[{"embeddable":true,"href":"https:\/\/www.adufpb.org.br\/site\/wp-json\/wp\/v2\/users\/8"}],"replies":[{"embeddable":true,"href":"https:\/\/www.adufpb.org.br\/site\/wp-json\/wp\/v2\/comments?post=22579"}],"version-history":[{"count":1,"href":"https:\/\/www.adufpb.org.br\/site\/wp-json\/wp\/v2\/posts\/22579\/revisions"}],"predecessor-version":[{"id":22581,"href":"https:\/\/www.adufpb.org.br\/site\/wp-json\/wp\/v2\/posts\/22579\/revisions\/22581"}],"wp:featuredmedia":[{"embeddable":true,"href":"https:\/\/www.adufpb.org.br\/site\/wp-json\/wp\/v2\/media\/22580"}],"wp:attachment":[{"href":"https:\/\/www.adufpb.org.br\/site\/wp-json\/wp\/v2\/media?parent=22579"}],"wp:term":[{"taxonomy":"category","embeddable":true,"href":"https:\/\/www.adufpb.org.br\/site\/wp-json\/wp\/v2\/categories?post=22579"},{"taxonomy":"post_tag","embeddable":true,"href":"https:\/\/www.adufpb.org.br\/site\/wp-json\/wp\/v2\/tags?post=22579"}],"curies":[{"name":"wp","href":"https:\/\/api.w.org\/{rel}","templated":true}]}}