{"id":2255,"date":"2011-11-11T19:51:14","date_gmt":"2011-11-11T23:51:14","guid":{"rendered":"http:\/\/www.adufpb.org.br\/site\/andes-sn-debatera-ameacas-as-aposentadorias-dos-docentes\/"},"modified":"2011-11-11T19:51:14","modified_gmt":"2011-11-11T23:51:14","slug":"andes-sn-debatera-ameacas-as-aposentadorias-dos-docentes","status":"publish","type":"post","link":"https:\/\/www.adufpb.org.br\/site\/andes-sn-debatera-ameacas-as-aposentadorias-dos-docentes\/","title":{"rendered":"ANDES-SN debater\u00e1 amea\u00e7as \u00e0s aposentadorias dos docentes"},"content":{"rendered":"<p>Num momento em que o governo amea\u00e7a regulamentar um fundo de pens\u00e3o para gerir as futuras aposentadorias e pens\u00f5es (PL 1992\/07), o ANDES-SN promover\u00e1 nos dias 19 e 20 de novembro, em Bras\u00edlia, o XVI Encontro Nacional de Assuntos de Aposentadoria. O evento reunir\u00e1 delegados sindicais de todo o pa\u00eds e ter\u00e1 como tema \u201cA defesa dos direitos e da qualidade de vida na aposentadoria\u201d.<\/p>\n<p>O PL 1992\/07 prop\u00f5e a cria\u00e7\u00e3o do Funpresp (Fundo de Pens\u00e3o dos Servidores P\u00fablicos Federais) e estabelecer\u00e1 uma cis\u00e3o entre os atuais servidores, que manter\u00e3o suas aposentadorias regidas pelo Regime Jur\u00eddico da Uni\u00e3o, e os futuros, que ter\u00e3o de aderir ao Fundo. Os atuais v\u00e3o ser pressionados a aderir. E se aderirem, t\u00eam muito a perder.Com isso, todo o servi\u00e7o p\u00fablico perder\u00e1, j\u00e1 que os futuros servidores ter\u00e3o uma rela\u00e7\u00e3o de trabalho precarizada, sem direito \u00e0 paridade e integralidade em suas aposentadorias e pens\u00f5es.<\/p>\n<p>O XVI Encontro ser\u00e1 realizado no Hotel St. Paul e come\u00e7ar\u00e1 no dia 19, \u00e0s 9h, com uma palestra do professor da Universidade de Bras\u00edlia (UnB) Sadi Dal Rosso, que falar\u00e1 sobre \u201cO trabalho na atualidade\u201d. Em seguida, das 11h \u00e0s 13h, o 1\u00ba vice-presidente do ANDES-SN, Luiz Henrique Schuch, falar\u00e1 sobre a \u201cImport\u00e2ncia do servidor p\u00fablico para a sociedade e para o funcionamento do Estado\u201d.<\/p>\n<p>Ainda no dia 19, das 15h \u00e0s 18h, o professor da Universidade Federal do Rio de Janeiro (UFRJ) Jos\u00e9 Miguel Bendr\u00e3o Saldanha; a diretora da Associa\u00e7\u00e3o Nacional dos Auditores Fiscais da Receita Federal do Brasil) Clemilce Sanfim de Carvalho; e a 3\u00aa tesoureira e coordenadora do Grupo de Trabalho de Seguridade Social e Assuntos de Aposentadoria do ANDES-SN, Maria Suely Soares, debater\u00e3o o tema \u201cA quest\u00e3o previdenci\u00e1ria no Brasil e no mundo e os direitos previdenci\u00e1rios do servidor p\u00fablico no Brasil: PL 1992\/2007, PEC 270\/2008 e PEC 555\/2006.\u201d<\/p>\n<p>No dia 20 pela manh\u00e3, os participantes do evento far\u00e3o depoimentos e trocar\u00e3o experi\u00eancias sobre o trabalho sindical realizado com os docentes aposentados. No per\u00edodo da tarde, ser\u00e1 realizada a plen\u00e1ria de encerramento e votados os encaminhamentos.<\/p>\n<p>\u201cA nossa expectativa \u00e9 de que sejam aprofundadas as discuss\u00f5es em torno do PL 1992\/07 e de outras proposi\u00e7\u00f5es prejudiciais \u00e0 previd\u00eancia dos servidores e que sejam apontadas a\u00e7\u00f5es concretas e eficazes na defesa de toda a categoria docente\u201d, adiantou Maria Suely Soares.<\/p>\n<p><em>Fonte: ANDES-SN<\/em><\/p>\n","protected":false},"excerpt":{"rendered":"<p>Num momento em que o governo amea\u00e7a regulamentar um fundo de pens\u00e3o para gerir as futuras aposentadorias e pens\u00f5es (PL 1992\/07), o ANDES-SN promover\u00e1 nos dias 19 e 20 de novembro, em Bras\u00edlia, o XVI Encontro Nacional de Assuntos de Aposentadoria. O evento reunir\u00e1 delegados sindicais de todo o pa\u00eds e ter\u00e1 como tema \u201cA&hellip;<\/p>\n","protected":false},"author":3,"featured_media":0,"comment_status":"open","ping_status":"open","sticky":false,"template":"","format":"standard","meta":{"footnotes":""},"categories":[15],"tags":[48,213],"class_list":["post-2255","post","type-post","status-publish","format-standard","hentry","category-noticias","tag-assuntos-de-aposentadoria","tag-previd","category-15","description-off"],"_links":{"self":[{"href":"https:\/\/www.adufpb.org.br\/site\/wp-json\/wp\/v2\/posts\/2255","targetHints":{"allow":["GET"]}}],"collection":[{"href":"https:\/\/www.adufpb.org.br\/site\/wp-json\/wp\/v2\/posts"}],"about":[{"href":"https:\/\/www.adufpb.org.br\/site\/wp-json\/wp\/v2\/types\/post"}],"author":[{"embeddable":true,"href":"https:\/\/www.adufpb.org.br\/site\/wp-json\/wp\/v2\/users\/3"}],"replies":[{"embeddable":true,"href":"https:\/\/www.adufpb.org.br\/site\/wp-json\/wp\/v2\/comments?post=2255"}],"version-history":[{"count":0,"href":"https:\/\/www.adufpb.org.br\/site\/wp-json\/wp\/v2\/posts\/2255\/revisions"}],"wp:attachment":[{"href":"https:\/\/www.adufpb.org.br\/site\/wp-json\/wp\/v2\/media?parent=2255"}],"wp:term":[{"taxonomy":"category","embeddable":true,"href":"https:\/\/www.adufpb.org.br\/site\/wp-json\/wp\/v2\/categories?post=2255"},{"taxonomy":"post_tag","embeddable":true,"href":"https:\/\/www.adufpb.org.br\/site\/wp-json\/wp\/v2\/tags?post=2255"}],"curies":[{"name":"wp","href":"https:\/\/api.w.org\/{rel}","templated":true}]}}