{"id":22529,"date":"2020-04-20T00:53:35","date_gmt":"2020-04-20T03:53:35","guid":{"rendered":"http:\/\/www.adufpb.org.br\/site\/?p=22529"},"modified":"2020-04-22T20:56:37","modified_gmt":"2020-04-22T23:56:37","slug":"adufpb-realiza-plenaria-nesta-terca-feira-para-discutir-proposta-da-prg-de-atividades-remotas","status":"publish","type":"post","link":"https:\/\/www.adufpb.org.br\/site\/adufpb-realiza-plenaria-nesta-terca-feira-para-discutir-proposta-da-prg-de-atividades-remotas\/","title":{"rendered":"ADUFPB realiza plen\u00e1ria nesta ter\u00e7a-feira para discutir proposta da PRG de atividades remotas"},"content":{"rendered":"<p dir=\"ltr\">Atenta \u00e0 proposta da Pr\u00f3-reitoria de Gradua\u00e7\u00e3o da UFPB de suspender o in\u00edcio do semestre letivo 2020.1 e propor atividades alternativas aos docentes, a ADUFPB vai realizar pela primeira vez uma plen\u00e1ria virtual para ouvir a categoria sobre essa decis\u00e3o.<\/p>\n<p>A atividade vai acontecer nesta ter\u00e7a-feira, dia 21 de abril, a partir das 15h, por meio da plataforma de videoconfer\u00eancia Zoom, e permitir\u00e1 a intera\u00e7\u00e3o com o p\u00fablico. Para participar, \u00e9 necess\u00e1rio acessar o link que ser\u00e1 disponibilizado momentos antes do in\u00edcio da plen\u00e1ria no site da ADUFPB (www.adufpb.org.br) e no Facebook (www.facebook.com\/adufpb.sindicato).<\/p>\n<p>O link tamb\u00e9m ser\u00e1 enviado pela lista de transmiss\u00e3o do sindicato no WhatsApp. Caso o docente ainda n\u00e3o esteja inscrito na lista, basta salvar na agenda o nosso n\u00famero (83 9 9645-7000) e mandar a mensagem &#8220;Solicito inscri\u00e7\u00e3o&#8221;. Depois disso, a pessoa passar\u00e1 a receber as mensagens com os informes e not\u00edcias da ADUFPB. Mas aten\u00e7\u00e3o: caso o n\u00famero n\u00e3o seja salvo na agenda, o processo de cadastramento n\u00e3o \u00e9 conclu\u00eddo.<\/p>\n<p><strong>Suspens\u00e3o do semestre letivo<\/strong><\/p>\n<p dir=\"ltr\">Ap\u00f3s decis\u00e3o de suspender o in\u00edcio do semestre letivo 2020.1, a Pr\u00f3-reitoria de Gradua\u00e7\u00e3o da UFPB divulgou comunicado no qual sugere atividades acad\u00eamicas n\u00e3o presenciais para o per\u00edodo de isolamento social.<\/p>\n<p>Preocupada com o teor do documento, a ADUFPB emitiu nota \u00e0 PRG destacando a necessidade de convocar os docentes, os diret\u00f3rios acad\u00eamicos, os pr\u00f3-reitores de gradua\u00e7\u00e3o e p\u00f3s-gradua\u00e7\u00e3o e os respons\u00e1veis pelo STI e pela SEAD para uma discuss\u00e3o ampliada sobre as implica\u00e7\u00f5es pedag\u00f3gicas,\u00a0administrativas, t\u00e9cnicas de suporte institucional diante de uma radical mudan\u00e7a na modalidade de ensino ofertado pela UFPB ao n\u00edvel da gradua\u00e7\u00e3o.<\/p>\n<p>Ao mesmo tempo, divulgou nota p\u00fablica apontando as contradi\u00e7\u00f5es e os perigos dessa proposta, como o fato de que 47% dos estudantes n\u00e3o t\u00eam condi\u00e7\u00f5es t\u00e9cnicas de acessar remotamente as atividades propostas.<\/p>\n<p>Por esse motivo, o sindicato decidiu convocar a plen\u00e1ria docente, adotando de forma in\u00e9dita uma plataforma de videoconfer\u00eancia de modo a n\u00e3o desrespeitar as recomenda\u00e7\u00f5es de afastamento social, para ouvir os professores e as professoras sobre a proposta da PRG.<\/p>\n<p><em>Fonte: Ascom ADUFPB<\/em><\/p>\n","protected":false},"excerpt":{"rendered":"<p>Atenta \u00e0 proposta da Pr\u00f3-reitoria de Gradua\u00e7\u00e3o da UFPB de suspender o in\u00edcio do semestre letivo 2020.1 e propor atividades alternativas aos docentes, a ADUFPB vai realizar pela primeira vez uma plen\u00e1ria virtual para ouvir a categoria sobre essa decis\u00e3o. A atividade vai acontecer nesta ter\u00e7a-feira, dia 21 de abril, a partir das 15h, por&hellip;<\/p>\n","protected":false},"author":3,"featured_media":22531,"comment_status":"closed","ping_status":"closed","sticky":false,"template":"","format":"standard","meta":{"footnotes":""},"categories":[15,417],"tags":[716,603,1324],"class_list":["post-22529","post","type-post","status-publish","format-standard","has-post-thumbnail","hentry","category-noticias","category-noticias-destaque","tag-plenaria","tag-prg","tag-virtual","category-15","category-417","description-off"],"_links":{"self":[{"href":"https:\/\/www.adufpb.org.br\/site\/wp-json\/wp\/v2\/posts\/22529","targetHints":{"allow":["GET"]}}],"collection":[{"href":"https:\/\/www.adufpb.org.br\/site\/wp-json\/wp\/v2\/posts"}],"about":[{"href":"https:\/\/www.adufpb.org.br\/site\/wp-json\/wp\/v2\/types\/post"}],"author":[{"embeddable":true,"href":"https:\/\/www.adufpb.org.br\/site\/wp-json\/wp\/v2\/users\/3"}],"replies":[{"embeddable":true,"href":"https:\/\/www.adufpb.org.br\/site\/wp-json\/wp\/v2\/comments?post=22529"}],"version-history":[{"count":3,"href":"https:\/\/www.adufpb.org.br\/site\/wp-json\/wp\/v2\/posts\/22529\/revisions"}],"predecessor-version":[{"id":22537,"href":"https:\/\/www.adufpb.org.br\/site\/wp-json\/wp\/v2\/posts\/22529\/revisions\/22537"}],"wp:featuredmedia":[{"embeddable":true,"href":"https:\/\/www.adufpb.org.br\/site\/wp-json\/wp\/v2\/media\/22531"}],"wp:attachment":[{"href":"https:\/\/www.adufpb.org.br\/site\/wp-json\/wp\/v2\/media?parent=22529"}],"wp:term":[{"taxonomy":"category","embeddable":true,"href":"https:\/\/www.adufpb.org.br\/site\/wp-json\/wp\/v2\/categories?post=22529"},{"taxonomy":"post_tag","embeddable":true,"href":"https:\/\/www.adufpb.org.br\/site\/wp-json\/wp\/v2\/tags?post=22529"}],"curies":[{"name":"wp","href":"https:\/\/api.w.org\/{rel}","templated":true}]}}