{"id":2246,"date":"2011-11-08T20:00:22","date_gmt":"2011-11-09T00:00:22","guid":{"rendered":"http:\/\/www.adufpb.org.br\/site\/geap-oferece-servicos-de-cuidado-a-saude-na-ufpb\/"},"modified":"2011-11-08T20:00:22","modified_gmt":"2011-11-09T00:00:22","slug":"geap-oferece-servicos-de-cuidado-a-saude-na-ufpb","status":"publish","type":"post","link":"https:\/\/www.adufpb.org.br\/site\/geap-oferece-servicos-de-cuidado-a-saude-na-ufpb\/","title":{"rendered":"Geap oferece servi\u00e7os de cuidado \u00e0 sa\u00fade na UFPB"},"content":{"rendered":"<p><a href=\"http:\/\/www.adufpb.org.br\/site\/wp-content\/uploads\/2009\/10\/plano-de-sa\u00fade.jpg\"><img loading=\"lazy\" decoding=\"async\" class=\"alignleft size-full wp-image-561\" title=\"plano de sa\u00fade\" src=\"http:\/\/www.adufpb.org.br\/site\/wp-content\/uploads\/2009\/10\/plano-de-sa\u00fade.jpg\" alt=\"plano de sa\u00fade\" width=\"230\" height=\"180\" \/><\/a>A Ger\u00eancia Regional da Geap vai oferecer na pr\u00f3xima sexta-feira, dia 11, no Centro de Viv\u00eancia do Campus I da UFPB, em Jo\u00e3o Pessoa, uma s\u00e9rie de servi\u00e7os de promo\u00e7\u00e3o \u00e0 sa\u00fade voltados \u00e0 comunidade universit\u00e1ria. O evento faz parte da programa\u00e7\u00e3o do Circuito Sa\u00fade, que visa possibilitar aos servidores informa\u00e7\u00f5es essenciais para melhoria da qualidade de vida.<\/p>\n<p>Ser\u00e3o oferecidos servi\u00e7os como aferi\u00e7\u00e3o da press\u00e3o arterial e medi\u00e7\u00e3o de glicemia capilar para preven\u00e7\u00e3o da diabetes. O evento come\u00e7a \u00e0s 8h30 e segue at\u00e9 16h, no Centro de Viv\u00eancia. Confira abaixo outros servi\u00e7os que estar\u00e3o dispon\u00edveis:<\/p>\n<ul>\n<li>Educa\u00e7\u00e3o em sa\u00fade bucal, enfatizando a import\u00e2ncia da preven\u00e7\u00e3o, assim como divulga\u00e7\u00e3o dos procedimentos de preven\u00e7\u00e3o que s\u00e3o contemplados pela Geap e isentos de participa\u00e7\u00e3o<\/li>\n<li>Aferi\u00e7\u00e3o da press\u00e3o arterial<\/li>\n<li>Glicemia capilar, preven\u00e7\u00e3o da diabetes<\/li>\n<li>Capta\u00e7\u00e3o para os programas assistenciais Viva Melhor \/Maturidade Saud\u00e1vel,<\/li>\n<li>Esclarecimentos de d\u00favidas sobre os planos Geap Sa\u00fade, cl\u00e1ssico, essencial e referencia<\/li>\n<li>Apresenta\u00e7\u00e3o da UTI m\u00f3vel<\/li>\n<\/ul>\n<p><em>Fonte: Ascom ADUFPB<\/em><\/p>\n","protected":false},"excerpt":{"rendered":"<p>A Ger\u00eancia Regional da Geap vai oferecer na pr\u00f3xima sexta-feira, dia 11, no Centro de Viv\u00eancia do Campus I da UFPB, em Jo\u00e3o Pessoa, uma s\u00e9rie de servi\u00e7os de promo\u00e7\u00e3o \u00e0 sa\u00fade voltados \u00e0 comunidade universit\u00e1ria. O evento faz parte da programa\u00e7\u00e3o do Circuito Sa\u00fade, que visa possibilitar aos servidores informa\u00e7\u00f5es essenciais para melhoria da&hellip;<\/p>\n","protected":false},"author":3,"featured_media":0,"comment_status":"open","ping_status":"open","sticky":false,"template":"","format":"standard","meta":{"footnotes":""},"categories":[15],"tags":[139,57,155],"class_list":["post-2246","post","type-post","status-publish","format-standard","hentry","category-noticias","tag-convenios","tag-eventos","tag-saude","category-15","description-off"],"_links":{"self":[{"href":"https:\/\/www.adufpb.org.br\/site\/wp-json\/wp\/v2\/posts\/2246","targetHints":{"allow":["GET"]}}],"collection":[{"href":"https:\/\/www.adufpb.org.br\/site\/wp-json\/wp\/v2\/posts"}],"about":[{"href":"https:\/\/www.adufpb.org.br\/site\/wp-json\/wp\/v2\/types\/post"}],"author":[{"embeddable":true,"href":"https:\/\/www.adufpb.org.br\/site\/wp-json\/wp\/v2\/users\/3"}],"replies":[{"embeddable":true,"href":"https:\/\/www.adufpb.org.br\/site\/wp-json\/wp\/v2\/comments?post=2246"}],"version-history":[{"count":0,"href":"https:\/\/www.adufpb.org.br\/site\/wp-json\/wp\/v2\/posts\/2246\/revisions"}],"wp:attachment":[{"href":"https:\/\/www.adufpb.org.br\/site\/wp-json\/wp\/v2\/media?parent=2246"}],"wp:term":[{"taxonomy":"category","embeddable":true,"href":"https:\/\/www.adufpb.org.br\/site\/wp-json\/wp\/v2\/categories?post=2246"},{"taxonomy":"post_tag","embeddable":true,"href":"https:\/\/www.adufpb.org.br\/site\/wp-json\/wp\/v2\/tags?post=2246"}],"curies":[{"name":"wp","href":"https:\/\/api.w.org\/{rel}","templated":true}]}}