{"id":22425,"date":"2020-03-31T08:00:30","date_gmt":"2020-03-31T11:00:30","guid":{"rendered":"http:\/\/www.adufpb.org.br\/site\/?p=22425"},"modified":"2020-03-31T08:33:44","modified_gmt":"2020-03-31T11:33:44","slug":"justica-proibe-propaganda-do-governo-federal-brasil-nao-pode-parar","status":"publish","type":"post","link":"https:\/\/www.adufpb.org.br\/site\/justica-proibe-propaganda-do-governo-federal-brasil-nao-pode-parar\/","title":{"rendered":"Justi\u00e7a pro\u00edbe propaganda do governo federal &#8220;Brasil n\u00e3o pode parar&#8221;"},"content":{"rendered":"<div id=\"noticia-descricao\">\n<p>Na madrugada da \u00faltima sexta-feira, 27 de mar\u00e7o, a ju\u00edza Laura Bastos Carvalho da justica federal no RJ proferiu decis\u00e3o proibindo o governo Bolsonaro de veicular a propaganda &#8220;O Brasil n\u00e3o pode parar\u201d sob pena de multa de 100 mil reais por infra\u00e7\u00e3o.<\/p>\n<p>A decis\u00e3o foi proferida na a\u00e7\u00e3o civil p\u00fablica proposta pelo Minist\u00e9rio P\u00fablico Federal, com pedido de tutela de urg\u00eancia para impedir que o governo federal divulgasse pe\u00e7as publicit\u00e1rias . A a\u00e7\u00e3o judicial assinada por mais de 10 procuradores federais de diferentes estados brasileiros alegou que a referida campanha estimularia os brasileiros a voltarem a suas atividades normais, sem que a campanha estivesse embasada em documentos t\u00e9cnicos que comprov\u00e1ssem que tal medida asseguraria o direito \u00e0 sa\u00fade dos brasileiros no est\u00e1gio atual da pandemiado Covid-19 no pa\u00eds.<\/p>\n<p>Ainda na sexta-feira, 27 de mar\u00e7o, o ANDES-SN buscou o Conselho Federal da OAB, a Procuradoria Geral da Rep\u00fablica e outras entidades para que ingress\u00e1ssem com medidas judiciais e administrativas contra a veicula\u00e7\u00e3o da referida propaganda. A decis\u00e3o concedida no plant\u00e3o judici\u00e1rio pela justi\u00e7a federal do Rio de Janeiro ainda pode ser revista e o ANDES-SN seguir\u00e1 acompanhando os desdobramentos da a\u00e7\u00e3o pol\u00edtica e juridicamente.<\/p>\n<p>A experi\u00eancia internacional j\u00e1 demonstrou que o enfrentamento da pandemia do novo coronav\u00edrus (SARS-CoV-2), causador da COVID-19, deve passar pelo necess\u00e1rio distanciamento social e pela manuten\u00e7\u00e3o dos trabalhadores e trabalhadoras dos pa\u00edses atingidos em suas resid\u00eancias. Entretanto, o presidente Jair Bolsonaro caminha na contram\u00e3o das orienta\u00e7\u00f5es da Organiza\u00e7\u00e3o Mundial da Sa\u00fade (OMS) e prega que a popula\u00e7\u00e3o deve retomar as atividades econ\u00f4micas e sociais por meio da propaganda &#8220;O Brasil n\u00e3o pode parar&#8221;. O governo de Bolsonaro utilizou cerca de R$ 4,8 milh\u00f5es de reais dos cofres p\u00fablicos com a campanha, dinheiro que poderia ser usado para compra de equipamentos de prote\u00e7\u00e3o e de higieniza\u00e7\u00e3o, na defesa do combate real \u00e0 pandemia do novo coronav\u00edrus.<\/p>\n<p>Essa utiliza\u00e7\u00e3o indevida de dinheiro p\u00fablico pelo governo Bolsonaro fez com que a Ordem dos Advogados do Brasil (OAB) denunciasse o governo federal ao tribunal de Contas da Uni\u00e3o (TCU), anteontem, dia 27 de mar\u00e7o.<\/p>\n<\/div>\n<div id=\"share-buttons\"><em>Fonte: Andes-SN<\/em><\/div>\n","protected":false},"excerpt":{"rendered":"<p>Na madrugada da \u00faltima sexta-feira, 27 de mar\u00e7o, a ju\u00edza Laura Bastos Carvalho da justica federal no RJ proferiu decis\u00e3o proibindo o governo Bolsonaro de veicular a propaganda &#8220;O Brasil n\u00e3o pode parar\u201d sob pena de multa de 100 mil reais por infra\u00e7\u00e3o. A decis\u00e3o foi proferida na a\u00e7\u00e3o civil p\u00fablica proposta pelo Minist\u00e9rio P\u00fablico&hellip;<\/p>\n","protected":false},"author":3,"featured_media":0,"comment_status":"closed","ping_status":"closed","sticky":false,"template":"","format":"standard","meta":{"footnotes":""},"categories":[15],"tags":[],"class_list":["post-22425","post","type-post","status-publish","format-standard","hentry","category-noticias","category-15","description-off"],"_links":{"self":[{"href":"https:\/\/www.adufpb.org.br\/site\/wp-json\/wp\/v2\/posts\/22425","targetHints":{"allow":["GET"]}}],"collection":[{"href":"https:\/\/www.adufpb.org.br\/site\/wp-json\/wp\/v2\/posts"}],"about":[{"href":"https:\/\/www.adufpb.org.br\/site\/wp-json\/wp\/v2\/types\/post"}],"author":[{"embeddable":true,"href":"https:\/\/www.adufpb.org.br\/site\/wp-json\/wp\/v2\/users\/3"}],"replies":[{"embeddable":true,"href":"https:\/\/www.adufpb.org.br\/site\/wp-json\/wp\/v2\/comments?post=22425"}],"version-history":[{"count":1,"href":"https:\/\/www.adufpb.org.br\/site\/wp-json\/wp\/v2\/posts\/22425\/revisions"}],"predecessor-version":[{"id":22426,"href":"https:\/\/www.adufpb.org.br\/site\/wp-json\/wp\/v2\/posts\/22425\/revisions\/22426"}],"wp:attachment":[{"href":"https:\/\/www.adufpb.org.br\/site\/wp-json\/wp\/v2\/media?parent=22425"}],"wp:term":[{"taxonomy":"category","embeddable":true,"href":"https:\/\/www.adufpb.org.br\/site\/wp-json\/wp\/v2\/categories?post=22425"},{"taxonomy":"post_tag","embeddable":true,"href":"https:\/\/www.adufpb.org.br\/site\/wp-json\/wp\/v2\/tags?post=22425"}],"curies":[{"name":"wp","href":"https:\/\/api.w.org\/{rel}","templated":true}]}}