{"id":22378,"date":"2020-03-16T18:16:26","date_gmt":"2020-03-16T21:16:26","guid":{"rendered":"http:\/\/www.adufpb.org.br\/site\/?p=22378"},"modified":"2020-03-21T12:09:59","modified_gmt":"2020-03-21T15:09:59","slug":"aviso-de-expediente-alterado-na-adufpb-coronavirus","status":"publish","type":"post","link":"https:\/\/www.adufpb.org.br\/site\/aviso-de-expediente-alterado-na-adufpb-coronavirus\/","title":{"rendered":"AVISO DE EXPEDIENTE ALTERADO NA ADUFPB &#8211; Coronav\u00edrus"},"content":{"rendered":"<p><span style=\"font-size: medium;\">Tendo em vista o agravamento da pandemia causada pelo COVID-19 e a presente necessidade de medidas preventivas que tenham efetividade na redu\u00e7\u00e3o da prolifera\u00e7\u00e3o e propaga\u00e7\u00e3o do v\u00edrus, a diretoria da ADUFPB, visando a redu\u00e7\u00e3o da aglomera\u00e7\u00e3o de pessoas em suas depend\u00eancias, sobretudo os integrantes dos chamados &#8220;grupos de risco&#8221;, bastante numerosos no quadro dos nossos sindicalizados, delibera por adotar as seguintes medidas:<\/span><\/p>\n<p><span style=\"font-size: medium;\">&#8211; A partir do dia 18 de mar\u00e7o e at\u00e9, a princ\u00edpio, 31 de mar\u00e7o, estar\u00e1 fechado o atendimento ao p\u00fablico nas sedes administrativas da ADUFPB. Os expedientes nelas ser\u00e3o de car\u00e1ter interno, com a presen\u00e7a de diretores e funcion\u00e1rios da entidade em regime de rod\u00edzio. Os contatos que se fizerem indispens\u00e1veis dever\u00e3o ser realizados por meio eletr\u00f4nico e telefone com o dirigente de plant\u00e3o que buscar\u00e1 encaminhamentos ao pleito apresentado.<\/span><\/p>\n<div>\n<p style=\"text-align: center;\"><span style=\"font-size: medium;\"><strong> Sede Centro de Viv\u00eancia<\/strong><\/span><br \/>\n<span style=\"font-size: medium;\"> (83) 3216-7388<\/span><br \/>\n<span style=\"font-size: medium;\"> (83) 3214-7450<\/span><\/p>\n<p style=\"text-align: center;\"><span style=\"font-size: medium;\"><strong>E-mail:<\/strong><\/span><br \/>\n<span style=\"font-size: medium;\"> <a href=\"mailto:adufpb@terra.com.br\" target=\"_blank\">adufpb@terra.com.br<\/a><\/span><\/p>\n<p style=\"text-align: center;\"><span style=\"font-size: medium;\"><strong>Sede Social &#8211; Cabo Branco<\/strong><\/span><br \/>\n<span style=\"font-size: medium;\"> (83) 3247-2528<\/span><\/p>\n<p style=\"text-align: center;\"><span style=\"font-size: medium;\"><strong>Sede de Bananeiras<br \/>\n<\/strong><\/span><span style=\"font-size: medium;\">(83) 3367-1058<\/span><\/p>\n<\/div>\n<div style=\"text-align: center;\"><span style=\"font-size: medium;\"><strong>Sede de Areia<\/strong><\/span><\/div>\n<div style=\"text-align: center;\"><span style=\"font-size: medium;\">(83) 99613-7799 \/ 99977-5354<\/span><\/div>\n<div style=\"text-align: center;\">\n<div><span style=\"font-size: medium;\"><strong>Sede do Litoral Norte<\/strong><\/span><\/div>\n<div><span style=\"font-size: medium;\">(83) 99337-1267<\/span><\/div>\n<\/div>\n<div><span style=\"font-size: medium;\">\u00a0<\/span><\/div>\n<p><span style=\"font-size: medium;\">&#8211; Do mesmo modo, ser\u00e3o interrompidas, pelo mesmo prazo, as programa\u00e7\u00f5es de car\u00e1ter externo da sede social. Como aulas, realiza\u00e7\u00f5es de festas, entre outros. Sindicalizados com atividades agendadas ser\u00e3o contatados pela diretoria.<\/span><\/p>\n<p><span style=\"font-size: medium;\">As medidas acima t\u00eam como prop\u00f3sito preservar, na atual conjuntura, os sindicalizados de riscos desnecess\u00e1rios.<\/span><\/p>\n<p><span style=\"font-size: medium;\">Contamos com a compreens\u00e3o dos sindicalizados.<\/span><\/p>\n<p><span style=\"font-size: medium;\"><strong>16 de mar\u00e7o de 2020<\/strong><\/span><br \/>\n<span style=\"font-size: medium;\"><strong>ADUFPB &#8211; Diretoria Executiva<\/strong><\/span><\/p>\n","protected":false},"excerpt":{"rendered":"<p>Tendo em vista o agravamento da pandemia causada pelo COVID-19 e a presente necessidade de medidas preventivas que tenham efetividade na redu\u00e7\u00e3o da prolifera\u00e7\u00e3o e propaga\u00e7\u00e3o do v\u00edrus, a diretoria da ADUFPB, visando a redu\u00e7\u00e3o da aglomera\u00e7\u00e3o de pessoas em suas depend\u00eancias, sobretudo os integrantes dos chamados &#8220;grupos de risco&#8221;, bastante numerosos no quadro dos&hellip;<\/p>\n","protected":false},"author":8,"featured_media":22390,"comment_status":"closed","ping_status":"closed","sticky":false,"template":"","format":"standard","meta":{"footnotes":""},"categories":[15],"tags":[895,1319,1320,998],"class_list":["post-22378","post","type-post","status-publish","format-standard","has-post-thumbnail","hentry","category-noticias","tag-adufpb-2","tag-coronavirus","tag-covid-19","tag-ufpb","category-15","description-off"],"_links":{"self":[{"href":"https:\/\/www.adufpb.org.br\/site\/wp-json\/wp\/v2\/posts\/22378","targetHints":{"allow":["GET"]}}],"collection":[{"href":"https:\/\/www.adufpb.org.br\/site\/wp-json\/wp\/v2\/posts"}],"about":[{"href":"https:\/\/www.adufpb.org.br\/site\/wp-json\/wp\/v2\/types\/post"}],"author":[{"embeddable":true,"href":"https:\/\/www.adufpb.org.br\/site\/wp-json\/wp\/v2\/users\/8"}],"replies":[{"embeddable":true,"href":"https:\/\/www.adufpb.org.br\/site\/wp-json\/wp\/v2\/comments?post=22378"}],"version-history":[{"count":4,"href":"https:\/\/www.adufpb.org.br\/site\/wp-json\/wp\/v2\/posts\/22378\/revisions"}],"predecessor-version":[{"id":22387,"href":"https:\/\/www.adufpb.org.br\/site\/wp-json\/wp\/v2\/posts\/22378\/revisions\/22387"}],"wp:featuredmedia":[{"embeddable":true,"href":"https:\/\/www.adufpb.org.br\/site\/wp-json\/wp\/v2\/media\/22390"}],"wp:attachment":[{"href":"https:\/\/www.adufpb.org.br\/site\/wp-json\/wp\/v2\/media?parent=22378"}],"wp:term":[{"taxonomy":"category","embeddable":true,"href":"https:\/\/www.adufpb.org.br\/site\/wp-json\/wp\/v2\/categories?post=22378"},{"taxonomy":"post_tag","embeddable":true,"href":"https:\/\/www.adufpb.org.br\/site\/wp-json\/wp\/v2\/tags?post=22378"}],"curies":[{"name":"wp","href":"https:\/\/api.w.org\/{rel}","templated":true}]}}