{"id":22363,"date":"2020-03-13T11:20:15","date_gmt":"2020-03-13T14:20:15","guid":{"rendered":"http:\/\/www.adufpb.org.br\/site\/?p=22363"},"modified":"2020-03-13T11:20:15","modified_gmt":"2020-03-13T14:20:15","slug":"notificacao-de-greve-nacional","status":"publish","type":"post","link":"https:\/\/www.adufpb.org.br\/site\/notificacao-de-greve-nacional\/","title":{"rendered":"NOTIFICA\u00c7\u00c3O DE GREVE NACIONAL"},"content":{"rendered":"<p align=\"center\"><span style=\"font-size: large;\"><b>NOTIFICA\u00c7\u00c3O DE\u00a0<\/b><b>GREVE NACIONAL<\/b><\/span><\/p>\n<p align=\"center\"><span style=\"font-size: large;\"><b>EM DEFESA DA EDUCA\u00c7\u00c3O P\u00daBLICA E GRATUITA, DOS SERVI\u00c7OS P\u00daBLICOS, EMPREGOS, DIREITOS E DEMOCRACIA.<\/b><\/span><\/p>\n<p align=\"center\"><span style=\"font-size: large;\"><b>DIA 18 DE MAR\u00c7O DE 2020<\/b><\/span><\/p>\n<p><span style=\"font-size: large;\">\u00a0<\/span><\/p>\n<p><span style=\"font-size: large;\">A\u00a0<b>ADUFPB\u00a0&#8211; Se\u00e7\u00e3o Sindical do SINDICATO NACIONAL DOS DOCENTES DAS INSTITUI\u00c7\u00d5ES DE ENSINO SUPERIOR (ANDES-SN)<\/b><b>,<\/b>\u00a0entidade representativa dos docentes da Universidade Federal da Para\u00edba, neste ato representado por seu Presidente,\u00a0<b>Fernando Jos\u00e9 de Paula Cunha<\/b>, em cumprimento \u00e0s exig\u00eancias legais, vem, por interm\u00e9dio da presente,\u00a0<b>NOTIFICAR<\/b>\u00a0a Reitoria da Universidade Federal da Para\u00edba, que\u00a0as\u00a0Assembleias Gerais dos docentes da UFPB,\u00a0realizadas nos dias 10 e 11 de mar\u00e7o de 2020,\u00a0<b>aprovaram a paralisa\u00e7\u00e3o das atividades da categoria docente no dia\u00a0<\/b><b>18 de mar\u00e7o &#8211; (18M): EM DEFESA DA EDUCA\u00c7\u00c3O P\u00daBLICA E GRATUITA, DOS SERVI\u00c7OS P\u00daBLICOS, EMPREGOS, DIREITOS E DEMOCRACIA -, com ades\u00e3o \u00e0s atividades promovidas nessa data pelas Centrais Sindicais.<\/b><\/span><\/p>\n<p><span style=\"font-size: large;\">\u00a0<\/span><\/p>\n<p style=\"text-align: center;\" align=\"right\"><span style=\"font-size: large;\">Jo\u00e3o Pessoa, 12 de mar\u00e7o de 2020.<\/span><\/p>\n<p><span style=\"font-size: large;\">\u00a0<\/span><\/p>\n","protected":false},"excerpt":{"rendered":"<p>NOTIFICA\u00c7\u00c3O DE\u00a0GREVE NACIONAL EM DEFESA DA EDUCA\u00c7\u00c3O P\u00daBLICA E GRATUITA, DOS SERVI\u00c7OS P\u00daBLICOS, EMPREGOS, DIREITOS E DEMOCRACIA. DIA 18 DE MAR\u00c7O DE 2020 \u00a0 A\u00a0ADUFPB\u00a0&#8211; Se\u00e7\u00e3o Sindical do SINDICATO NACIONAL DOS DOCENTES DAS INSTITUI\u00c7\u00d5ES DE ENSINO SUPERIOR (ANDES-SN),\u00a0entidade representativa dos docentes da Universidade Federal da Para\u00edba, neste ato representado por seu Presidente,\u00a0Fernando Jos\u00e9 de Paula&hellip;<\/p>\n","protected":false},"author":3,"featured_media":0,"comment_status":"closed","ping_status":"closed","sticky":false,"template":"","format":"standard","meta":{"footnotes":""},"categories":[15],"tags":[],"class_list":["post-22363","post","type-post","status-publish","format-standard","hentry","category-noticias","category-15","description-off"],"_links":{"self":[{"href":"https:\/\/www.adufpb.org.br\/site\/wp-json\/wp\/v2\/posts\/22363","targetHints":{"allow":["GET"]}}],"collection":[{"href":"https:\/\/www.adufpb.org.br\/site\/wp-json\/wp\/v2\/posts"}],"about":[{"href":"https:\/\/www.adufpb.org.br\/site\/wp-json\/wp\/v2\/types\/post"}],"author":[{"embeddable":true,"href":"https:\/\/www.adufpb.org.br\/site\/wp-json\/wp\/v2\/users\/3"}],"replies":[{"embeddable":true,"href":"https:\/\/www.adufpb.org.br\/site\/wp-json\/wp\/v2\/comments?post=22363"}],"version-history":[{"count":1,"href":"https:\/\/www.adufpb.org.br\/site\/wp-json\/wp\/v2\/posts\/22363\/revisions"}],"predecessor-version":[{"id":22364,"href":"https:\/\/www.adufpb.org.br\/site\/wp-json\/wp\/v2\/posts\/22363\/revisions\/22364"}],"wp:attachment":[{"href":"https:\/\/www.adufpb.org.br\/site\/wp-json\/wp\/v2\/media?parent=22363"}],"wp:term":[{"taxonomy":"category","embeddable":true,"href":"https:\/\/www.adufpb.org.br\/site\/wp-json\/wp\/v2\/categories?post=22363"},{"taxonomy":"post_tag","embeddable":true,"href":"https:\/\/www.adufpb.org.br\/site\/wp-json\/wp\/v2\/tags?post=22363"}],"curies":[{"name":"wp","href":"https:\/\/api.w.org\/{rel}","templated":true}]}}