{"id":22361,"date":"2020-03-13T11:19:32","date_gmt":"2020-03-13T14:19:32","guid":{"rendered":"http:\/\/www.adufpb.org.br\/site\/?p=22361"},"modified":"2020-03-13T11:19:32","modified_gmt":"2020-03-13T14:19:32","slug":"mocao-de-apoio-aos-alunos-do-curso-de-gastronomia","status":"publish","type":"post","link":"https:\/\/www.adufpb.org.br\/site\/mocao-de-apoio-aos-alunos-do-curso-de-gastronomia\/","title":{"rendered":"MO\u00c7\u00c3O DE APOIO AOS ALUNOS DO CURSO DE GASTRONOMIA"},"content":{"rendered":"<p style=\"text-align: left;\" align=\"center\"><span style=\"font-size: large;\">Os docentes da Universidade Federal da Para\u00edba (UFPB), reunidos em Assembleia Geral, promovida os dias 10 e 11 de mar\u00e7o de 2020 pela\u00a0ADUFPB\/Se\u00e7\u00e3o Sindical do ANDES-SN, vem a p\u00fablico manifestar seu irrestrito apoio aos alunos do Curso de Gastronomia da UFPB, que entraram em greve em 10 de mar\u00e7o de 2020 por absoluta falta de condi\u00e7\u00f5es acad\u00eamicas e de seguran\u00e7a para a continuidade de suas atividades.<\/span><\/p>\n<p><span style=\"font-size: large;\">Exigimos, em conson\u00e2ncia com o que os estudantes pleiteiam, a imediata garantia, pelos respons\u00e1veis, do restabelecimento dos elementos indispens\u00e1veis a um ensino p\u00fablico, gratuito, democr\u00e1tico, de qualidade e socialmente referenciado.<\/span><\/p>\n<p><span style=\"font-size: large;\">Em defesa da Universidade P\u00fablica, Aut\u00f4noma e Democr\u00e1tica!<\/span><\/p>\n<p><span style=\"font-size: large;\">Todo\u00a0 apoio aos estudantes de Gastronomia!<\/span><\/p>\n<p><span style=\"font-size: large;\">\u00a0<\/span><\/p>\n<p align=\"center\"><span style=\"font-size: large;\">Jo\u00e3o Pessoa, Areia, Bananeiras, Litoral Norte, 10 e 11 de mar\u00e7o de 2020.<\/span><\/p>\n<p align=\"center\"><span style=\"font-size: large;\">Assembleia Geral &#8211;\u00a0ADUFPB<\/span><\/p>\n<p><span style=\"font-size: large;\">\u00a0<\/span><\/p>\n","protected":false},"excerpt":{"rendered":"<p>Os docentes da Universidade Federal da Para\u00edba (UFPB), reunidos em Assembleia Geral, promovida os dias 10 e 11 de mar\u00e7o de 2020 pela\u00a0ADUFPB\/Se\u00e7\u00e3o Sindical do ANDES-SN, vem a p\u00fablico manifestar seu irrestrito apoio aos alunos do Curso de Gastronomia da UFPB, que entraram em greve em 10 de mar\u00e7o de 2020 por absoluta falta de&hellip;<\/p>\n","protected":false},"author":3,"featured_media":0,"comment_status":"closed","ping_status":"closed","sticky":false,"template":"","format":"standard","meta":{"footnotes":""},"categories":[15],"tags":[],"class_list":["post-22361","post","type-post","status-publish","format-standard","hentry","category-noticias","category-15","description-off"],"_links":{"self":[{"href":"https:\/\/www.adufpb.org.br\/site\/wp-json\/wp\/v2\/posts\/22361","targetHints":{"allow":["GET"]}}],"collection":[{"href":"https:\/\/www.adufpb.org.br\/site\/wp-json\/wp\/v2\/posts"}],"about":[{"href":"https:\/\/www.adufpb.org.br\/site\/wp-json\/wp\/v2\/types\/post"}],"author":[{"embeddable":true,"href":"https:\/\/www.adufpb.org.br\/site\/wp-json\/wp\/v2\/users\/3"}],"replies":[{"embeddable":true,"href":"https:\/\/www.adufpb.org.br\/site\/wp-json\/wp\/v2\/comments?post=22361"}],"version-history":[{"count":1,"href":"https:\/\/www.adufpb.org.br\/site\/wp-json\/wp\/v2\/posts\/22361\/revisions"}],"predecessor-version":[{"id":22362,"href":"https:\/\/www.adufpb.org.br\/site\/wp-json\/wp\/v2\/posts\/22361\/revisions\/22362"}],"wp:attachment":[{"href":"https:\/\/www.adufpb.org.br\/site\/wp-json\/wp\/v2\/media?parent=22361"}],"wp:term":[{"taxonomy":"category","embeddable":true,"href":"https:\/\/www.adufpb.org.br\/site\/wp-json\/wp\/v2\/categories?post=22361"},{"taxonomy":"post_tag","embeddable":true,"href":"https:\/\/www.adufpb.org.br\/site\/wp-json\/wp\/v2\/tags?post=22361"}],"curies":[{"name":"wp","href":"https:\/\/api.w.org\/{rel}","templated":true}]}}