{"id":22292,"date":"2020-03-10T12:17:07","date_gmt":"2020-03-10T15:17:07","guid":{"rendered":"http:\/\/www.adufpb.org.br\/site\/?p=22292"},"modified":"2020-03-12T09:11:14","modified_gmt":"2020-03-12T12:11:14","slug":"segundo-dia-da-semana-mulheres-em-resistencia-tem-debates-em-areia-bananeiras-e-litoral-norte","status":"publish","type":"post","link":"https:\/\/www.adufpb.org.br\/site\/segundo-dia-da-semana-mulheres-em-resistencia-tem-debates-em-areia-bananeiras-e-litoral-norte\/","title":{"rendered":"Segundo dia da Semana Mulheres em Resist\u00eancia tem debates em Bananeiras, Areia e Litoral Norte"},"content":{"rendered":"<p>A mem\u00f3ria dos movimentos de mulheres no campo \u00e9 o principal tema de debate desta ter\u00e7a-feira (10\/3) no segundo dia da Semana Mulheres em Resist\u00eancia organizada pela ADUFPB.<\/p>\n<p>No turno da manh\u00e3, a atividade ocorre no campus III, no munic\u00edpio de Bananeiras. \u00c0 tarde, a partir de 14h30, haver\u00e1 a mesa-redonda &#8220;Movimento de Mulheres do Campo: ontem e hoje&#8221; no campus II, em Areia (audit\u00f3rio do pr\u00e9dio central do CCA). J\u00e1 no per\u00edodo da noite, as atividades ocorrem no campus IV, Litoral Norte (no audit\u00f3rio da unidade de Mamanguape), \u00e0s 19h. Confira abaixo a programa\u00e7\u00e3o completa.<\/p>\n<p>A Semana Mulheres em Resist\u00eancia come\u00e7ou na segunda-feira (10) e segue at\u00e9 quinta (12). O evento foi aberto pela diretora Cultural da ADUFPB, professora Sandra Luna, em cerim\u00f4nia realizada pela manh\u00e3 no audit\u00f3rio do Centro de Educa\u00e7\u00e3o, campus I da UFPB.<\/p>\n<p>A mesa de abertura contou com a presen\u00e7a do presidente da ADUFPB, Fernando Cunha, da pr\u00f3-reitora de P\u00f3s-Gradua\u00e7\u00e3o da UFPB, Maria Luiza Feitosa, do diretor do Centro de Educa\u00e7\u00e3o, Wilson Arag\u00e3o, do coordenador do N\u00facleo de Cidadania e Direitos Humanos, Paulo Moura, da diretora de Mulheres do Sintespb (Sindicato dos Trabalhadores em Educa\u00e7\u00e3o Superior da Para\u00edba), Glaucia Vi\u00f1as.<\/p>\n<div id=\"attachment_22300\" style=\"width: 310px\" class=\"wp-caption alignleft\"><a href=\"http:\/\/www.adufpb.org.br\/site\/wp-content\/uploads\/2020\/03\/2020.03.09-12-semana-mulheres-em-resist\u00eancia-8.jpeg\"><img loading=\"lazy\" decoding=\"async\" aria-describedby=\"caption-attachment-22300\" class=\"size-medium wp-image-22300\" alt=\"2\u00ba dia: evento em Bananeiras\" src=\"http:\/\/www.adufpb.org.br\/site\/wp-content\/uploads\/2020\/03\/2020.03.09-12-semana-mulheres-em-resist\u00eancia-8-300x168.jpeg\" width=\"300\" height=\"168\" srcset=\"https:\/\/www.adufpb.org.br\/site\/wp-content\/uploads\/2020\/03\/2020.03.09-12-semana-mulheres-em-resist\u00eancia-8-300x168.jpeg 300w, https:\/\/www.adufpb.org.br\/site\/wp-content\/uploads\/2020\/03\/2020.03.09-12-semana-mulheres-em-resist\u00eancia-8-1024x576.jpeg 1024w, https:\/\/www.adufpb.org.br\/site\/wp-content\/uploads\/2020\/03\/2020.03.09-12-semana-mulheres-em-resist\u00eancia-8.jpeg 1280w\" sizes=\"auto, (max-width: 300px) 100vw, 300px\" \/><\/a><p id=\"caption-attachment-22300\" class=\"wp-caption-text\">2\u00ba dia: evento em Bananeiras<\/p><\/div>\n<div id=\"attachment_22299\" style=\"width: 310px\" class=\"wp-caption alignleft\"><a href=\"http:\/\/www.adufpb.org.br\/site\/wp-content\/uploads\/2020\/03\/2020.03.09-12-semana-mulheres-em-resist\u00eancia-7.jpeg\"><img loading=\"lazy\" decoding=\"async\" aria-describedby=\"caption-attachment-22299\" class=\"size-medium wp-image-22299\" alt=\"2\u00ba dia: evento em Bananeiras\" src=\"http:\/\/www.adufpb.org.br\/site\/wp-content\/uploads\/2020\/03\/2020.03.09-12-semana-mulheres-em-resist\u00eancia-7-300x168.jpeg\" width=\"300\" height=\"168\" srcset=\"https:\/\/www.adufpb.org.br\/site\/wp-content\/uploads\/2020\/03\/2020.03.09-12-semana-mulheres-em-resist\u00eancia-7-300x168.jpeg 300w, https:\/\/www.adufpb.org.br\/site\/wp-content\/uploads\/2020\/03\/2020.03.09-12-semana-mulheres-em-resist\u00eancia-7-1024x576.jpeg 1024w, https:\/\/www.adufpb.org.br\/site\/wp-content\/uploads\/2020\/03\/2020.03.09-12-semana-mulheres-em-resist\u00eancia-7.jpeg 1280w\" sizes=\"auto, (max-width: 300px) 100vw, 300px\" \/><\/a><p id=\"caption-attachment-22299\" class=\"wp-caption-text\">2\u00ba dia: evento em Bananeiras<\/p><\/div>\n<div id=\"attachment_22298\" style=\"width: 310px\" class=\"wp-caption alignleft\"><a href=\"http:\/\/www.adufpb.org.br\/site\/wp-content\/uploads\/2020\/03\/2020.03.09-12-semana-mulheres-em-resist\u00eancia-6.jpeg\"><img loading=\"lazy\" decoding=\"async\" aria-describedby=\"caption-attachment-22298\" class=\"size-medium wp-image-22298\" alt=\"2\u00ba dia: evento em Bananeiras\" src=\"http:\/\/www.adufpb.org.br\/site\/wp-content\/uploads\/2020\/03\/2020.03.09-12-semana-mulheres-em-resist\u00eancia-6-300x168.jpeg\" width=\"300\" height=\"168\" srcset=\"https:\/\/www.adufpb.org.br\/site\/wp-content\/uploads\/2020\/03\/2020.03.09-12-semana-mulheres-em-resist\u00eancia-6-300x168.jpeg 300w, https:\/\/www.adufpb.org.br\/site\/wp-content\/uploads\/2020\/03\/2020.03.09-12-semana-mulheres-em-resist\u00eancia-6-1024x576.jpeg 1024w, https:\/\/www.adufpb.org.br\/site\/wp-content\/uploads\/2020\/03\/2020.03.09-12-semana-mulheres-em-resist\u00eancia-6.jpeg 1280w\" sizes=\"auto, (max-width: 300px) 100vw, 300px\" \/><\/a><p id=\"caption-attachment-22298\" class=\"wp-caption-text\">2\u00ba dia: evento em Bananeiras<\/p><\/div>\n<div id=\"attachment_22297\" style=\"width: 310px\" class=\"wp-caption alignleft\"><a href=\"http:\/\/www.adufpb.org.br\/site\/wp-content\/uploads\/2020\/03\/2020.03.09-12-semana-mulheres-em-resist\u00eancia-5.jpeg\"><img loading=\"lazy\" decoding=\"async\" aria-describedby=\"caption-attachment-22297\" class=\"size-medium wp-image-22297\" alt=\"2\u00ba dia: evento em Bananeiras\" src=\"http:\/\/www.adufpb.org.br\/site\/wp-content\/uploads\/2020\/03\/2020.03.09-12-semana-mulheres-em-resist\u00eancia-5-300x168.jpeg\" width=\"300\" height=\"168\" srcset=\"https:\/\/www.adufpb.org.br\/site\/wp-content\/uploads\/2020\/03\/2020.03.09-12-semana-mulheres-em-resist\u00eancia-5-300x168.jpeg 300w, https:\/\/www.adufpb.org.br\/site\/wp-content\/uploads\/2020\/03\/2020.03.09-12-semana-mulheres-em-resist\u00eancia-5-1024x576.jpeg 1024w, https:\/\/www.adufpb.org.br\/site\/wp-content\/uploads\/2020\/03\/2020.03.09-12-semana-mulheres-em-resist\u00eancia-5.jpeg 1280w\" sizes=\"auto, (max-width: 300px) 100vw, 300px\" \/><\/a><p id=\"caption-attachment-22297\" class=\"wp-caption-text\">2\u00ba dia: evento em Bananeiras<\/p><\/div>\n<div id=\"attachment_22296\" style=\"width: 310px\" class=\"wp-caption alignleft\"><a href=\"http:\/\/www.adufpb.org.br\/site\/wp-content\/uploads\/2020\/03\/2020.03.09-12-semana-mulheres-em-resist\u00eancia-4.jpg\"><img loading=\"lazy\" decoding=\"async\" aria-describedby=\"caption-attachment-22296\" class=\"size-medium wp-image-22296\" alt=\"Debate sobre Mulheres, Diversidade e Direitos Humanos\" src=\"http:\/\/www.adufpb.org.br\/site\/wp-content\/uploads\/2020\/03\/2020.03.09-12-semana-mulheres-em-resist\u00eancia-4-300x300.jpg\" width=\"300\" height=\"300\" srcset=\"https:\/\/www.adufpb.org.br\/site\/wp-content\/uploads\/2020\/03\/2020.03.09-12-semana-mulheres-em-resist\u00eancia-4-300x300.jpg 300w, https:\/\/www.adufpb.org.br\/site\/wp-content\/uploads\/2020\/03\/2020.03.09-12-semana-mulheres-em-resist\u00eancia-4-150x150.jpg 150w, https:\/\/www.adufpb.org.br\/site\/wp-content\/uploads\/2020\/03\/2020.03.09-12-semana-mulheres-em-resist\u00eancia-4.jpg 960w\" sizes=\"auto, (max-width: 300px) 100vw, 300px\" \/><\/a><p id=\"caption-attachment-22296\" class=\"wp-caption-text\">Debate sobre Mulheres, Diversidade e Direitos Humanos<\/p><\/div>\n<div id=\"attachment_22295\" style=\"width: 310px\" class=\"wp-caption alignleft\"><a href=\"http:\/\/www.adufpb.org.br\/site\/wp-content\/uploads\/2020\/03\/2020.03.09-12-semana-mulheres-em-resist\u00eancia-3.jpg\"><img loading=\"lazy\" decoding=\"async\" aria-describedby=\"caption-attachment-22295\" class=\"size-medium wp-image-22295\" alt=\"Iranice Muniz fala sobre Mem\u00f3ria dos Movimentos de Mulheres\" src=\"http:\/\/www.adufpb.org.br\/site\/wp-content\/uploads\/2020\/03\/2020.03.09-12-semana-mulheres-em-resist\u00eancia-3-300x300.jpg\" width=\"300\" height=\"300\" srcset=\"https:\/\/www.adufpb.org.br\/site\/wp-content\/uploads\/2020\/03\/2020.03.09-12-semana-mulheres-em-resist\u00eancia-3-300x300.jpg 300w, https:\/\/www.adufpb.org.br\/site\/wp-content\/uploads\/2020\/03\/2020.03.09-12-semana-mulheres-em-resist\u00eancia-3-150x150.jpg 150w, https:\/\/www.adufpb.org.br\/site\/wp-content\/uploads\/2020\/03\/2020.03.09-12-semana-mulheres-em-resist\u00eancia-3.jpg 960w\" sizes=\"auto, (max-width: 300px) 100vw, 300px\" \/><\/a><p id=\"caption-attachment-22295\" class=\"wp-caption-text\">Iranice Muniz fala sobre Mem\u00f3ria dos Movimentos de Mulheres<\/p><\/div>\n<div id=\"attachment_22294\" style=\"width: 310px\" class=\"wp-caption alignleft\"><a href=\"http:\/\/www.adufpb.org.br\/site\/wp-content\/uploads\/2020\/03\/2020.03.09-12-semana-mulheres-em-resist\u00eancia-2.jpg\"><img loading=\"lazy\" decoding=\"async\" aria-describedby=\"caption-attachment-22294\" class=\"size-medium wp-image-22294\" alt=\"Mesa de abertura\" src=\"http:\/\/www.adufpb.org.br\/site\/wp-content\/uploads\/2020\/03\/2020.03.09-12-semana-mulheres-em-resist\u00eancia-2-300x300.jpg\" width=\"300\" height=\"300\" srcset=\"https:\/\/www.adufpb.org.br\/site\/wp-content\/uploads\/2020\/03\/2020.03.09-12-semana-mulheres-em-resist\u00eancia-2-300x300.jpg 300w, https:\/\/www.adufpb.org.br\/site\/wp-content\/uploads\/2020\/03\/2020.03.09-12-semana-mulheres-em-resist\u00eancia-2-150x150.jpg 150w, https:\/\/www.adufpb.org.br\/site\/wp-content\/uploads\/2020\/03\/2020.03.09-12-semana-mulheres-em-resist\u00eancia-2.jpg 960w\" sizes=\"auto, (max-width: 300px) 100vw, 300px\" \/><\/a><p id=\"caption-attachment-22294\" class=\"wp-caption-text\">Mesa de abertura<\/p><\/div>\n<div id=\"attachment_22293\" style=\"width: 310px\" class=\"wp-caption alignleft\"><a href=\"http:\/\/www.adufpb.org.br\/site\/wp-content\/uploads\/2020\/03\/2020.03.09-12-semana-mulheres-em-resist\u00eancia-1.jpeg\"><img loading=\"lazy\" decoding=\"async\" aria-describedby=\"caption-attachment-22293\" class=\"size-medium wp-image-22293\" alt=\"Mesa de abertura\" src=\"http:\/\/www.adufpb.org.br\/site\/wp-content\/uploads\/2020\/03\/2020.03.09-12-semana-mulheres-em-resist\u00eancia-1-300x168.jpeg\" width=\"300\" height=\"168\" srcset=\"https:\/\/www.adufpb.org.br\/site\/wp-content\/uploads\/2020\/03\/2020.03.09-12-semana-mulheres-em-resist\u00eancia-1-300x168.jpeg 300w, https:\/\/www.adufpb.org.br\/site\/wp-content\/uploads\/2020\/03\/2020.03.09-12-semana-mulheres-em-resist\u00eancia-1-1024x576.jpeg 1024w, https:\/\/www.adufpb.org.br\/site\/wp-content\/uploads\/2020\/03\/2020.03.09-12-semana-mulheres-em-resist\u00eancia-1.jpeg 1280w\" sizes=\"auto, (max-width: 300px) 100vw, 300px\" \/><\/a><p id=\"caption-attachment-22293\" class=\"wp-caption-text\">Mesa de abertura<\/p><\/div>\n<p>&nbsp;<\/p>\n<p>&nbsp;<\/p>\n<p>&nbsp;<\/p>\n<p>&nbsp;<\/p>\n<p>&nbsp;<\/p>\n<p>&nbsp;<\/p>\n<p>&nbsp;<\/p>\n<p>&nbsp;<\/p>\n<p>&nbsp;<\/p>\n<p>&nbsp;<\/p>\n<p>&nbsp;<\/p>\n<p>&nbsp;<\/p>\n<p>&nbsp;<\/p>\n<p>&nbsp;<\/p>\n<p>&nbsp;<\/p>\n<p>&nbsp;<\/p>\n<p>&nbsp;<\/p>\n<p>&nbsp;<\/p>\n<div id=\"attachment_22306\" style=\"width: 310px\" class=\"wp-caption alignleft\"><a href=\"http:\/\/www.adufpb.org.br\/site\/wp-content\/uploads\/2020\/03\/2020.03.09-12-semana-mulheres-em-resist\u00eancia-4.1.jpeg\"><img loading=\"lazy\" decoding=\"async\" aria-describedby=\"caption-attachment-22306\" class=\"size-medium wp-image-22306\" alt=\"1\u00ba dia: Mulheres em Luta contra a Viol\u00eancia e o Feminic\u00eddio\" src=\"http:\/\/www.adufpb.org.br\/site\/wp-content\/uploads\/2020\/03\/2020.03.09-12-semana-mulheres-em-resist\u00eancia-4.1-300x225.jpeg\" width=\"300\" height=\"225\" srcset=\"https:\/\/www.adufpb.org.br\/site\/wp-content\/uploads\/2020\/03\/2020.03.09-12-semana-mulheres-em-resist\u00eancia-4.1-300x225.jpeg 300w, https:\/\/www.adufpb.org.br\/site\/wp-content\/uploads\/2020\/03\/2020.03.09-12-semana-mulheres-em-resist\u00eancia-4.1-1024x768.jpeg 1024w, https:\/\/www.adufpb.org.br\/site\/wp-content\/uploads\/2020\/03\/2020.03.09-12-semana-mulheres-em-resist\u00eancia-4.1.jpeg 1280w\" sizes=\"auto, (max-width: 300px) 100vw, 300px\" \/><\/a><p id=\"caption-attachment-22306\" class=\"wp-caption-text\">1\u00ba dia: Mulheres em Luta contra a Viol\u00eancia e o Feminic\u00eddio<\/p><\/div>\n<p>&nbsp;<\/p>\n<p>&nbsp;<\/p>\n<p>&nbsp;<\/p>\n<p>&nbsp;<\/p>\n<p>&nbsp;<\/p>\n<p>&nbsp;<\/p>\n<p>&nbsp;<\/p>\n<p>&nbsp;<\/p>\n<p>&nbsp;<\/p>\n<p>&nbsp;<\/p>\n<p>&nbsp;<\/p>\n<p>&nbsp;<\/p>\n<p>&nbsp;<\/p>\n<p>&nbsp;<\/p>\n<p>&nbsp;<\/p>\n<p>&nbsp;<\/p>\n<p>&nbsp;<\/p>\n<p>&nbsp;<\/p>\n<p>&nbsp;<\/p>\n<p>&nbsp;<\/p>\n<p>&nbsp;<\/p>\n<p>&nbsp;<\/p>\n<p>&nbsp;<\/p>\n<p>&nbsp;<\/p>\n<p>&nbsp;<\/p>\n<p><b>PROGRAMA\u00c7\u00c3O \u2013 1\u00aa SEMANA MULHERES EM RESIST\u00caNCIA<\/b><\/p>\n<p><b>Dia 09\/03\/2020 \u2013 Segunda-Feira<\/b><\/p>\n<p><i>Campus I \u2013 Audit\u00f3rio do Centro de Educa\u00e7\u00e3o (CE)<\/i><\/p>\n<p><b>MANH\u00c3<\/b><\/p>\n<ul>\n<li>8h30 \u2013 ABERTURA<\/li>\n<li>9h00 \u2013 PALESTRA: Mem\u00f3ria dos Movimentos de Mulheres<\/li>\n<\/ul>\n<p><b>Palestrante:<\/b>\u00a0Iranice Gon\u00e7alves Muniz (Professora do DCSA\/CCHSA\/UFPB \u2013 Bananeiras, Ativista de Direitos Humanos e Diretora da Secretaria-Adjunta da ADUFPB Bananeiras)<\/p>\n<ul>\n<li>10h00 \u2013 MESA-REDONDA: Mulheres, Diversidade e Direitos Humanos<\/li>\n<\/ul>\n<p><b>Debatedoras:<\/b><\/p>\n<p>&#8211; Ma\u00edsa F\u00e9lix Ribeiro de Ara\u00fajo (Coordenadora das Delegacias da Mulher do Estado da Para\u00edba)<\/p>\n<p>&#8211; Gl\u00f3ria de Lourdes Freire Rabay (Professora do Departamento de Jornalismo e do Programa de P\u00f3s-Gradua\u00e7\u00e3o em Direitos Humanos da UFPB)<\/p>\n<p>&#8211; Socorro Pimentel (Doutoranda em Educa\u00e7\u00e3o\/UFC e Ativista da luta antirracista e g\u00eanero)<\/p>\n<p>&#8211; Maria Medeiros (Mestranda em Letras-UFPB\/ Militante Transfeminista)<\/p>\n<p><b>Mediadora:<\/b>\u00a0Maria Luiza Alencar Mayer Feitosa (Professora do Centro de Ci\u00eancias Jur\u00eddicas e Pr\u00f3-Reitora de P\u00f3s-Gradua\u00e7\u00e3o da UFPB)<\/p>\n<p><b>TARDE<\/b><\/p>\n<ul>\n<li>14h30 \u2013 MESA-REDONDA: Mulheres em Luta contra a Viol\u00eancia e o Feminic\u00eddio<\/li>\n<\/ul>\n<p><b>Debatedoras:<\/b><\/p>\n<p>&#8211; Rosane Maria Ara\u00fajo e Oliveira (Promotora de Justi\u00e7a de Defesa da Mulher em Jo\u00e3o Pessoa \u2013 MPPB)<\/p>\n<p>&#8211; Francy Silva (Professora do Departamento de Letras Cl\u00e1ssicas e Vern\u00e1culas da UFPB\/Ativista do Movimento Negro)<\/p>\n<p>&#8211; Jade Mariam Vaccari (Coordenadora do F\u00f3rum de Mulheres em Luta da UFPB e Transfeminista)<\/p>\n<p>&#8211; Lis Carolinne Lemos (Vice-Coordenadora do Comit\u00ea de Pol\u00edticas de Preven\u00e7\u00e3o e Enfrentamento \u00e0 Viol\u00eancia contra as Mulheres da UFPB \u2013 CoMu)<\/p>\n<p>Mediadora: Anita Leoc\u00e1dia Pereira dos Santos (Professora do Departamento de Ci\u00eancias Fundamentais e Sociais \u2013 CCA\/UFPB, Membro do NIPAM\/CE\/UFPB)<\/p>\n<ul>\n<li>16h30 \u2013 MESA-REDONDA: Mulheres, Educa\u00e7\u00e3o e Pol\u00edticas P\u00fablicas<\/li>\n<\/ul>\n<p><b>Debatedoras:<\/b><\/p>\n<p>&#8211; Maria Eulina Pessoa de Carvalho (Professora do Departamento de Habilita\u00e7\u00f5es Pedag\u00f3gicas e Coordenadora do Programa de P\u00f3s-Gradua\u00e7\u00e3o em Educa\u00e7\u00e3o\/CE\/UFPB)<\/p>\n<p>&#8211; Maria de Nazar\u00e9 Tavares Zenaide (Professora do Departamento de Servi\u00e7o Social\/CCHLA e do Programa de P\u00f3s-Gradua\u00e7\u00e3o em Direitos Humanos da UFPB)<\/p>\n<p>&#8211; \u00c1urea Augusta Rodrigues da Mata (Professora do Departamento de Habilita\u00e7\u00f5es Pedag\u00f3gicas-CE-UFPB\/ Setorial Estadual de Mulheres do PSOL\/PB)<\/p>\n<p>Mediadora: Rita Porto (Professora do Programa de P\u00f3s-Gradua\u00e7\u00e3o em Direitos Humanos e Diretora de Pol\u00edticas Educacionais e Cient\u00edficas da ADUFPB)<\/p>\n<p>\u2014\u2014\u2014\u2014\u2014\u2014\u2014\u2014\u2014-<\/p>\n<p><b>Dia 10\/03\/2020 \u2013 Ter\u00e7a-Feira<\/b><\/p>\n<p><i>Campus III (manh\u00e3) \/ Campus II (tarde) \/ Campus IV (noite)<\/i><\/p>\n<p><b>MANH\u00c3 \u2013 CAMPUS III \u2013 BANANEIRAS<\/b><\/p>\n<ul>\n<li>10h00 \u2013 PALESTRA: Mem\u00f3ria dos Movimentos de Mulheres do Campo (Campus III \u2013 Bananeiras \u2013 Audit\u00f3rio do Col\u00e9gio Agr\u00edcola Vidal de Negreiros \u2013 CAVN)<\/li>\n<\/ul>\n<p><b>Palestrante:<\/b>\u00a0Albertina Maria Ribeiro Brito de Ara\u00fajo (Professora do Departamento de Educa\u00e7\u00e3o do CCHSA da UFPB\/Bananeiras e Ativista da Educa\u00e7\u00e3o do Campo).<\/p>\n<p><b>TARDE \u2013 CAMPUS II &#8211;\u00a0 AREIA<\/b><\/p>\n<ul>\n<li>14h30 \u2013 MESA-REDONDA: Movimentos de Mulheres do Campo: ontem e hoje (Campus II \u2013 Areia \u2013 Audit\u00f3rio do Pr\u00e9dio Central do CCA)<\/li>\n<\/ul>\n<p><b>Debatedoras:<\/b><\/p>\n<p>&#8211; Maria de Lourdes Meira (Uni\u00e3o Brasileira de Mulheres\/UBM PB)<\/p>\n<p>&#8211; Maria de Lourdes de Souza (Dona Quinca \u2013 F\u00f3rum dos Assentados dos Munic\u00edpios de Areia, Serraria, Pil\u00f5es e Rem\u00edgio)<\/p>\n<p>&#8211; Francisca Paulina da Concei\u00e7\u00e3o Gon\u00e7alves (Movimento do Pequeno Agricultor \u2013 MPA)<\/p>\n<p>Mediadora: Rociane Trajano da Fonseca (Assistente Social CCA\/UFPB, Conselho Estadual dos Direitos da Mulher)<\/p>\n<p><b>NOITE \u2013 CAMPUS IV \u2013 LITORAL NORTE<\/b><\/p>\n<ul>\n<li>19h00 \u2013 MESA-REDONDA: Mulheres e Rela\u00e7\u00f5es \u00c9tnico-Raciais (Campus IV \u2013 Litoral Norte \u2013 Audit\u00f3rio da Unidade Mamanguape)<\/li>\n<\/ul>\n<p><b>Debatedoras:<\/b><\/p>\n<p>&#8211; Laura Berqu\u00f3 (Professora da UFPB-Campus IV\/Advogada\/Ex-Conselheira Estadual de Direitos Humanos)<\/p>\n<p>&#8211; Sanderline Ribeiro dos Santos (Mestranda em Ci\u00eancias das Religi\u00f5es\/UFPB, AMIP \u2013 Articula\u00e7\u00e3o de Mulheres Ind\u00edgenas da Para\u00edba)<\/p>\n<p><b>Mediadora:<\/b>\u00a0Maria da Penha Caetano (Professora do Departamento de Educa\u00e7\u00e3o \u2013 Campus IV\/UFPB e Diretora da Subsecretaria da ADUFPB\/Litoral Norte)<\/p>\n<p>\u2014\u2014\u2014\u2014\u2014\u2014\u2014\u2014\u2014-<\/p>\n<p><b>Dia 11\/03\/2020 \u2013 Quarta-feira<\/b><\/p>\n<p><i>Campus I \u2013 Centro de Viv\u00eancia<\/i><\/p>\n<p><b>TARDE<\/b><\/p>\n<ul>\n<li>14h30 \u2013 MESA-REDONDA: Mulheres e Qualidade de Vida<\/li>\n<\/ul>\n<p><b>Debatedoras:<\/b><\/p>\n<p>&#8211; Maria Lucia Abaurre (Professora do Departamento de Ci\u00eancias das Religi\u00f5es da UFPB e Professora de Yoga)<\/p>\n<p>&#8211; Joana d\u2019Arc da Silva (Psic\u00f3loga, Educadora F\u00edsica e Popular, Coordenadora da Cunh\u00e3- Coletivo Feminista e Ativista da Articula\u00e7\u00e3o de Mulheres Brasileiras \u2013 PB)<\/p>\n<p>&#8211; Alice Teresinha Maciel (Professora\/Palestrante de Terapias Hol\u00edsticas e Acupuntura. Ativista do MUDE \u2013 Movimento de Mulheres com Defici\u00eancia, e do MML (Movimento de Mulheres em Luta).<\/p>\n<p><b>Mediadora:<\/b>\u00a0Francileide de Ara\u00fajo Rodrigues (Professora do Departamento de Enfermagem Cl\u00ednica\/CCS\/UFPB e Vice-Presidente da ADUFPB)<\/p>\n<ul>\n<li>16h30 &#8211;\u00a0 MESA-REDONDA: Mulheres, Arte e Cultura<\/li>\n<\/ul>\n<p><b>Debatedoras:<\/b><\/p>\n<p>&#8211; Juliana de Luna Freire (Professora do Departamento de Letras Estrangeiras Modernas da UFPB e Pesquisadora da \u00e1rea de Estudos Culturais)<\/p>\n<p>&#8211; Sandra Raquew Azevedo (Professora do Curso de Jornalismo e do Programa de P\u00f3s-Gradua\u00e7\u00e3o em Comunica\u00e7\u00e3o e Culturas Midi\u00e1ticas da UFPB)<\/p>\n<p>&#8211; Ana Cristina Marinho L\u00facio (Professora do DLCV\/Coordenadora do Programa de P\u00f3s-Gradua\u00e7\u00e3o em Letras \u2013 UFPB\/Atriz do Grupo de Teatro Osfodid\u00e1rio)<\/p>\n<p>&#8211; Carine Fi\u00faza (Cineasta e Mestranda em Comunica\u00e7\u00e3o \u2013 PPGC\/UFPB)<\/p>\n<p><b>Mediadora:<\/b>\u00a0Sandra Luna (Professora do Programa de P\u00f3s-Gradua\u00e7\u00e3o em Letras da UFPB\/ Diretora Cultural da ADUFPB)<\/p>\n<p>\u2014\u2014\u2014\u2014\u2014\u2014\u2014\u2014\u2014-<\/p>\n<p><b>Dia 12\/03\/2020 \u2013 Quinta-Feira<\/b><\/p>\n<p><i>Campus I \u2013 Centro de Viv\u00eancia<\/i><\/p>\n<p><b>MANH\u00c3<\/b><\/p>\n<ul>\n<li>8h30 \u2013 MESA-REDONDA: Feminismo, Pol\u00edtica e Sindicalismo<\/li>\n<\/ul>\n<p><b>Debatedoras:<\/b><\/p>\n<p>&#8211; Cida Ramos (Deputada Estadual do PSB e Professora do Departamento de Servi\u00e7o Social\/CCHLA\/UFPB)<\/p>\n<p>&#8211;\u00a0 Sandra Marrocos (Vereadora do munic\u00edpio de Jo\u00e3o Pessoa-PB)<\/p>\n<p>&#8211;\u00a0 Zez\u00e9 B\u00e9chade (Secret\u00e1ria Estadual de Mulheres do PT)<\/p>\n<p>&#8211;\u00a0 Geralda Vitor dos Santos (Presidente do SINTESPB)<\/p>\n<p><b>Mediadora:<\/b>\u00a0Maria do Socorro Xavier (Conselho de Representantes da ADUFPB \u2013 Departamento de Educa\u00e7\u00e3o do Campo\/CE\/UFPB)<\/p>\n<ul>\n<li>10h30 \u2013 MESA-REDONDA: Mulheres e Movimentos Sociais<\/li>\n<\/ul>\n<p><b>Debatedoras:<\/b><\/p>\n<p>&#8211; F\u00e1tima Rodrigues (Professora do Departamento de Geoci\u00eancias e do Programa de P\u00f3s-gradua\u00e7\u00e3o em Direitos Humanos da UFPB. Militante dos Movimentos Sociais do Campo pelo N\u00facleo de Cidadania e Direitos Humanos\/UFPB)<\/p>\n<p>&#8211; Wilma Martins (Professora do Departamento de Letras Cl\u00e1ssicas e Vern\u00e1culas\/CCHLA e do Programa de P\u00f3s-gradua\u00e7\u00e3o em Direitos Humanos da UFPB. Militante dos Direitos Humanos)<\/p>\n<p>&#8211; Eva Vilma (MST\/PB)<\/p>\n<p>&#8211; Jacyara Tabajara (Antrop\u00f3loga, Coordenadora de Pol\u00edticas P\u00fablicas para as Mulheres em Conde-PB)<\/p>\n<p><b>Mediadora:<\/b>\u00a0Ana Paula Rom\u00e3o (Professora do Departamento de Habilita\u00e7\u00f5es Pedag\u00f3gicas-CE\/UFPB)<\/p>\n<p><b>TARDE<\/b><\/p>\n<ul>\n<li>14h30 \u2013 Roda de Conversa com representantes de Movimentos de Mulheres da Para\u00edba<\/li>\n<li>18h00 \u2013 Lan\u00e7amento da Carta das Mulheres em Resist\u00eancia da Para\u00edba<\/li>\n<\/ul>\n<p>\u2013 ENCERRAMENTO<\/p>\n<div><\/div>\n<p><em>Fonte: Ascom ADUFPB<\/em><\/p>\n","protected":false},"excerpt":{"rendered":"<p>A mem\u00f3ria dos movimentos de mulheres no campo \u00e9 o principal tema de debate desta ter\u00e7a-feira (10\/3) no segundo dia da Semana Mulheres em Resist\u00eancia organizada pela ADUFPB. No turno da manh\u00e3, a atividade ocorre no campus III, no munic\u00edpio de Bananeiras. \u00c0 tarde, a partir de 14h30, haver\u00e1 a mesa-redonda &#8220;Movimento de Mulheres do&hellip;<\/p>\n","protected":false},"author":3,"featured_media":22297,"comment_status":"closed","ping_status":"closed","sticky":false,"template":"","format":"standard","meta":{"footnotes":""},"categories":[417],"tags":[121,115,1316,974],"class_list":["post-22292","post","type-post","status-publish","format-standard","has-post-thumbnail","hentry","category-noticias-destaque","tag-8-de-marco","tag-dia-da-mulher","tag-mulher-em-resitencia","tag-mulheres","category-417","description-off"],"_links":{"self":[{"href":"https:\/\/www.adufpb.org.br\/site\/wp-json\/wp\/v2\/posts\/22292","targetHints":{"allow":["GET"]}}],"collection":[{"href":"https:\/\/www.adufpb.org.br\/site\/wp-json\/wp\/v2\/posts"}],"about":[{"href":"https:\/\/www.adufpb.org.br\/site\/wp-json\/wp\/v2\/types\/post"}],"author":[{"embeddable":true,"href":"https:\/\/www.adufpb.org.br\/site\/wp-json\/wp\/v2\/users\/3"}],"replies":[{"embeddable":true,"href":"https:\/\/www.adufpb.org.br\/site\/wp-json\/wp\/v2\/comments?post=22292"}],"version-history":[{"count":8,"href":"https:\/\/www.adufpb.org.br\/site\/wp-json\/wp\/v2\/posts\/22292\/revisions"}],"predecessor-version":[{"id":22312,"href":"https:\/\/www.adufpb.org.br\/site\/wp-json\/wp\/v2\/posts\/22292\/revisions\/22312"}],"wp:featuredmedia":[{"embeddable":true,"href":"https:\/\/www.adufpb.org.br\/site\/wp-json\/wp\/v2\/media\/22297"}],"wp:attachment":[{"href":"https:\/\/www.adufpb.org.br\/site\/wp-json\/wp\/v2\/media?parent=22292"}],"wp:term":[{"taxonomy":"category","embeddable":true,"href":"https:\/\/www.adufpb.org.br\/site\/wp-json\/wp\/v2\/categories?post=22292"},{"taxonomy":"post_tag","embeddable":true,"href":"https:\/\/www.adufpb.org.br\/site\/wp-json\/wp\/v2\/tags?post=22292"}],"curies":[{"name":"wp","href":"https:\/\/api.w.org\/{rel}","templated":true}]}}