{"id":22237,"date":"2020-02-17T17:41:13","date_gmt":"2020-02-17T20:41:13","guid":{"rendered":"http:\/\/www.adufpb.org.br\/site\/?p=22237"},"modified":"2020-03-03T17:43:28","modified_gmt":"2020-03-03T20:43:28","slug":"realidade-brasileira-e-universidade-recebeu-monica-benicio","status":"publish","type":"post","link":"https:\/\/www.adufpb.org.br\/site\/realidade-brasileira-e-universidade-recebeu-monica-benicio\/","title":{"rendered":"Realidade Brasileira e Universidade recebeu M\u00f4nica Ben\u00edcio"},"content":{"rendered":"<p>&#8220;Corpos negros e perif\u00e9ricos s\u00e3o mat\u00e1veis&#8221;, disse M\u00f4nica Ben\u00edcio a respeito da vereadora Marielle Franco, executada no Rio de Janeiro, e sobre tantos outros corpos considerados descart\u00e1veis pela sociedade brasileira. Aqui voc\u00ea assiste ao discurso de M\u00f4nica no Centro de Viv\u00eancia da UFPB em 14 de fevereiro de 2020 num evento do Projeto Realidade Brasileira e Universidade da ADUFPB.<\/p>\n<p><iframe loading=\"lazy\" src=\"https:\/\/www.youtube.com\/embed\/JaqfnWXesBc\" height=\"315\" width=\"560\" allowfullscreen=\"\" frameborder=\"0\"><\/iframe><\/p>\n","protected":false},"excerpt":{"rendered":"<p>&#8220;Corpos negros e perif\u00e9ricos s\u00e3o mat\u00e1veis&#8221;, disse M\u00f4nica Ben\u00edcio a respeito da vereadora Marielle Franco, executada no Rio de Janeiro, e sobre tantos outros corpos considerados descart\u00e1veis pela sociedade brasileira. Aqui voc\u00ea assiste ao discurso de M\u00f4nica no Centro de Viv\u00eancia da UFPB em 14 de fevereiro de 2020 num evento do Projeto Realidade Brasileira&hellip;<\/p>\n","protected":false},"author":8,"featured_media":22233,"comment_status":"closed","ping_status":"closed","sticky":false,"template":"","format":"video","meta":{"footnotes":""},"categories":[420,235],"tags":[895,1313,902],"class_list":["post-22237","post","type-post","status-publish","format-video","has-post-thumbnail","hentry","category-multimidia","category-videos","tag-adufpb-2","tag-monica-benicio","tag-realidade-brasileira-e-universidade","post_format-post-format-video","category-420","category-235","description-off"],"_links":{"self":[{"href":"https:\/\/www.adufpb.org.br\/site\/wp-json\/wp\/v2\/posts\/22237","targetHints":{"allow":["GET"]}}],"collection":[{"href":"https:\/\/www.adufpb.org.br\/site\/wp-json\/wp\/v2\/posts"}],"about":[{"href":"https:\/\/www.adufpb.org.br\/site\/wp-json\/wp\/v2\/types\/post"}],"author":[{"embeddable":true,"href":"https:\/\/www.adufpb.org.br\/site\/wp-json\/wp\/v2\/users\/8"}],"replies":[{"embeddable":true,"href":"https:\/\/www.adufpb.org.br\/site\/wp-json\/wp\/v2\/comments?post=22237"}],"version-history":[{"count":1,"href":"https:\/\/www.adufpb.org.br\/site\/wp-json\/wp\/v2\/posts\/22237\/revisions"}],"predecessor-version":[{"id":22238,"href":"https:\/\/www.adufpb.org.br\/site\/wp-json\/wp\/v2\/posts\/22237\/revisions\/22238"}],"wp:featuredmedia":[{"embeddable":true,"href":"https:\/\/www.adufpb.org.br\/site\/wp-json\/wp\/v2\/media\/22233"}],"wp:attachment":[{"href":"https:\/\/www.adufpb.org.br\/site\/wp-json\/wp\/v2\/media?parent=22237"}],"wp:term":[{"taxonomy":"category","embeddable":true,"href":"https:\/\/www.adufpb.org.br\/site\/wp-json\/wp\/v2\/categories?post=22237"},{"taxonomy":"post_tag","embeddable":true,"href":"https:\/\/www.adufpb.org.br\/site\/wp-json\/wp\/v2\/tags?post=22237"}],"curies":[{"name":"wp","href":"https:\/\/api.w.org\/{rel}","templated":true}]}}