{"id":22164,"date":"2020-02-20T17:18:45","date_gmt":"2020-02-20T20:18:45","guid":{"rendered":"http:\/\/www.adufpb.org.br\/site\/?p=22164"},"modified":"2020-02-27T16:37:11","modified_gmt":"2020-02-27T19:37:11","slug":"professores-da-acao-dos-2886-reunem-se-na-proxima-quinta-feira-com-assessorias-juridicas-2","status":"publish","type":"post","link":"https:\/\/www.adufpb.org.br\/site\/professores-da-acao-dos-2886-reunem-se-na-proxima-quinta-feira-com-assessorias-juridicas-2\/","title":{"rendered":"Professores da A\u00e7\u00e3o dos 28,86% re\u00fanem-se na pr\u00f3xima sexta-feira com assessoria jur\u00eddica do sindicato"},"content":{"rendered":"<p><span style=\"font-size: medium;\">Aten\u00e7\u00e3o professores e professoras que integram o processo dos 28,86%: na pr\u00f3xima sexta-feira, 28 de fevereiro de 2020, \u00e0s 14h, na Sede Sociocultural da ADUFPB (Rua Gilvan Muribeca, 88, Cabo Branco), a ADUFPB realizar\u00e1 uma reuni\u00e3o com a presen\u00e7a das assessorias jur\u00eddicas. N\u00e3o deixem de participar!\u00a0<\/span><\/p>\n<p><span style=\"font-size: medium;\"><strong>Pauta: Informes gerais sobre a A\u00e7\u00e3o dos 28,86%<\/strong><\/span><\/p>\n<p><span style=\"font-size: medium; color: #ff0000;\"><strong><span style=\"text-decoration: underline;\">AGENDE-SE<\/span><\/strong><\/span><br \/>\n<span style=\"font-size: medium;\">Reuni\u00e3o sobre a A\u00e7\u00e3o dos 28,86%<\/span><br \/>\n<span style=\"font-size: medium;\">Data: <strong>28\/02\/20 (sexta-feira)<\/strong><\/span><br \/>\n<span style=\"font-size: medium;\">Hor\u00e1rio: <strong>14h<\/strong><\/span><br \/>\n<span style=\"font-size: medium;\">Local:\u00a0 <strong>Sede Sociocultural da ADUFPB (Rua Gilvan Muribeca, 88, Cabo Branco)<\/strong><\/span><\/p>\n<p><span style=\"font-size: medium;\"><em>FONTE: ASCOM\/ADUFPB<\/em><\/span><\/p>\n","protected":false},"excerpt":{"rendered":"<p>Aten\u00e7\u00e3o professores e professoras que integram o processo dos 28,86%: na pr\u00f3xima sexta-feira, 28 de fevereiro de 2020, \u00e0s 14h, na Sede Sociocultural da ADUFPB (Rua Gilvan Muribeca, 88, Cabo Branco), a ADUFPB realizar\u00e1 uma reuni\u00e3o com a presen\u00e7a das assessorias jur\u00eddicas. N\u00e3o deixem de participar!\u00a0 Pauta: Informes gerais sobre a A\u00e7\u00e3o dos 28,86% AGENDE-SE&hellip;<\/p>\n","protected":false},"author":8,"featured_media":20245,"comment_status":"closed","ping_status":"closed","sticky":false,"template":"","format":"standard","meta":{"footnotes":""},"categories":[15,417],"tags":[245,895],"class_list":["post-22164","post","type-post","status-publish","format-standard","has-post-thumbnail","hentry","category-noticias","category-noticias-destaque","tag-245","tag-adufpb-2","category-15","category-417","description-off"],"_links":{"self":[{"href":"https:\/\/www.adufpb.org.br\/site\/wp-json\/wp\/v2\/posts\/22164","targetHints":{"allow":["GET"]}}],"collection":[{"href":"https:\/\/www.adufpb.org.br\/site\/wp-json\/wp\/v2\/posts"}],"about":[{"href":"https:\/\/www.adufpb.org.br\/site\/wp-json\/wp\/v2\/types\/post"}],"author":[{"embeddable":true,"href":"https:\/\/www.adufpb.org.br\/site\/wp-json\/wp\/v2\/users\/8"}],"replies":[{"embeddable":true,"href":"https:\/\/www.adufpb.org.br\/site\/wp-json\/wp\/v2\/comments?post=22164"}],"version-history":[{"count":3,"href":"https:\/\/www.adufpb.org.br\/site\/wp-json\/wp\/v2\/posts\/22164\/revisions"}],"predecessor-version":[{"id":22172,"href":"https:\/\/www.adufpb.org.br\/site\/wp-json\/wp\/v2\/posts\/22164\/revisions\/22172"}],"wp:featuredmedia":[{"embeddable":true,"href":"https:\/\/www.adufpb.org.br\/site\/wp-json\/wp\/v2\/media\/20245"}],"wp:attachment":[{"href":"https:\/\/www.adufpb.org.br\/site\/wp-json\/wp\/v2\/media?parent=22164"}],"wp:term":[{"taxonomy":"category","embeddable":true,"href":"https:\/\/www.adufpb.org.br\/site\/wp-json\/wp\/v2\/categories?post=22164"},{"taxonomy":"post_tag","embeddable":true,"href":"https:\/\/www.adufpb.org.br\/site\/wp-json\/wp\/v2\/tags?post=22164"}],"curies":[{"name":"wp","href":"https:\/\/api.w.org\/{rel}","templated":true}]}}