{"id":22156,"date":"2020-02-19T16:58:54","date_gmt":"2020-02-19T19:58:54","guid":{"rendered":"http:\/\/www.adufpb.org.br\/site\/?p=22156"},"modified":"2020-02-19T17:00:00","modified_gmt":"2020-02-19T20:00:00","slug":"recesso-carnaval2020","status":"publish","type":"post","link":"https:\/\/www.adufpb.org.br\/site\/recesso-carnaval2020\/","title":{"rendered":"Recesso Carnaval\/2020"},"content":{"rendered":"<p><span style=\"font-size: medium;\">Em fun\u00e7\u00e3o do Carnaval, informamos que n\u00e3o haver\u00e1 expediente na Sede Administrativa da <strong>ADUFPB\/UFPB<\/strong> nos dias 24, 25 e 26 de fevereiro de 2020, com retorno \u00e0s atividades no dia <strong>27 de fevereiro<\/strong> (quinta-feira), somente a partir das 13h.<\/span><\/p>\n<p><span style=\"font-size: medium;\"><strong>Diretoria Executiva<\/strong><\/span><br \/>\n<span style=\"font-size: medium;\"> <strong>ADUFPB<\/strong><\/span><\/p>\n","protected":false},"excerpt":{"rendered":"<p>Em fun\u00e7\u00e3o do Carnaval, informamos que n\u00e3o haver\u00e1 expediente na Sede Administrativa da ADUFPB\/UFPB nos dias 24, 25 e 26 de fevereiro de 2020, com retorno \u00e0s atividades no dia 27 de fevereiro (quinta-feira), somente a partir das 13h. Diretoria Executiva ADUFPB<\/p>\n","protected":false},"author":8,"featured_media":21975,"comment_status":"closed","ping_status":"closed","sticky":false,"template":"","format":"standard","meta":{"footnotes":""},"categories":[15],"tags":[895,113,498,1159],"class_list":["post-22156","post","type-post","status-publish","format-standard","has-post-thumbnail","hentry","category-noticias","tag-adufpb-2","tag-carnaval","tag-recesso","tag-sindicato","category-15","description-off"],"_links":{"self":[{"href":"https:\/\/www.adufpb.org.br\/site\/wp-json\/wp\/v2\/posts\/22156","targetHints":{"allow":["GET"]}}],"collection":[{"href":"https:\/\/www.adufpb.org.br\/site\/wp-json\/wp\/v2\/posts"}],"about":[{"href":"https:\/\/www.adufpb.org.br\/site\/wp-json\/wp\/v2\/types\/post"}],"author":[{"embeddable":true,"href":"https:\/\/www.adufpb.org.br\/site\/wp-json\/wp\/v2\/users\/8"}],"replies":[{"embeddable":true,"href":"https:\/\/www.adufpb.org.br\/site\/wp-json\/wp\/v2\/comments?post=22156"}],"version-history":[{"count":3,"href":"https:\/\/www.adufpb.org.br\/site\/wp-json\/wp\/v2\/posts\/22156\/revisions"}],"predecessor-version":[{"id":22159,"href":"https:\/\/www.adufpb.org.br\/site\/wp-json\/wp\/v2\/posts\/22156\/revisions\/22159"}],"wp:featuredmedia":[{"embeddable":true,"href":"https:\/\/www.adufpb.org.br\/site\/wp-json\/wp\/v2\/media\/21975"}],"wp:attachment":[{"href":"https:\/\/www.adufpb.org.br\/site\/wp-json\/wp\/v2\/media?parent=22156"}],"wp:term":[{"taxonomy":"category","embeddable":true,"href":"https:\/\/www.adufpb.org.br\/site\/wp-json\/wp\/v2\/categories?post=22156"},{"taxonomy":"post_tag","embeddable":true,"href":"https:\/\/www.adufpb.org.br\/site\/wp-json\/wp\/v2\/tags?post=22156"}],"curies":[{"name":"wp","href":"https:\/\/api.w.org\/{rel}","templated":true}]}}