{"id":22134,"date":"2020-02-18T11:35:11","date_gmt":"2020-02-18T14:35:11","guid":{"rendered":"http:\/\/www.adufpb.org.br\/site\/?p=22134"},"modified":"2020-02-19T10:24:27","modified_gmt":"2020-02-19T13:24:27","slug":"bloco-corujas-convoca-folioes-para-cairem-no-frevo-dia-21-na-praca-rio-branco","status":"publish","type":"post","link":"https:\/\/www.adufpb.org.br\/site\/bloco-corujas-convoca-folioes-para-cairem-no-frevo-dia-21-na-praca-rio-branco\/","title":{"rendered":"Bloco Corujas convoca foli\u00f5es para ca\u00edrem no frevo dia 21, na Pra\u00e7a Rio Branco"},"content":{"rendered":"<p><a href=\"http:\/\/www.adufpb.org.br\/site\/wp-content\/uploads\/2020\/02\/bloco-corujas-2020.jpeg\"><img loading=\"lazy\" decoding=\"async\" class=\"alignright size-medium wp-image-22136\" alt=\"bloco corujas 2020\" src=\"http:\/\/www.adufpb.org.br\/site\/wp-content\/uploads\/2020\/02\/bloco-corujas-2020-213x300.jpeg\" width=\"213\" height=\"300\" srcset=\"https:\/\/www.adufpb.org.br\/site\/wp-content\/uploads\/2020\/02\/bloco-corujas-2020-213x300.jpeg 213w, https:\/\/www.adufpb.org.br\/site\/wp-content\/uploads\/2020\/02\/bloco-corujas-2020-729x1024.jpeg 729w, https:\/\/www.adufpb.org.br\/site\/wp-content\/uploads\/2020\/02\/bloco-corujas-2020.jpeg 912w\" sizes=\"auto, (max-width: 213px) 100vw, 213px\" \/><\/a>O Bloco Corujas \u2013 Amantes da Folia vai sair mais uma vez durante o desfile do Bloco Cafu\u00e7u. Com o tema \u201cEm respeito \u00e0s servidoras e aos servidores p\u00fablicos\u201d, o bloco de Carnaval, formado por professores filiados \u00e0 ADUFPB e familiares, vai desfilar no irreverente Cafu\u00e7u, um dos maiores blocos da pr\u00e9via carnavalesca de Jo\u00e3o Pessoa, na pr\u00f3xima sexta-feira, 21 de fevereiro. A concentra\u00e7\u00e3o acontecer\u00e1 na Pra\u00e7a Rio Branco, no Centro, a partir das 20h.<\/p>\n<p>No local, a anima\u00e7\u00e3o ficar\u00e1 por conta de bandinhas de frevo que circulam e podem se apresentar num palco montado na Pra\u00e7a Rio Branco, trazendo um repert\u00f3rio de frevos, marchinhas e tradicionais hits do carnaval. Um DJ far\u00e1 um esquenta com m\u00fasicas bregas e de carnaval para agitar os foli\u00f5es de todas as idades.<\/p>\n<p>No local, os filiados da ADUFPB ter\u00e3o \u00e0 disposi\u00e7\u00e3o um ponto de apoio. Assim como no ano passado, o sindicato quer chamar a aten\u00e7\u00e3o dos foli\u00f5es para os ataques do governo Bolsonaro contra a classe dos servidores e servidoras p\u00fablicas de todo o Brasil.\u00a0 A ADUFPB quer aproveitar o Carnaval para levar informa\u00e7\u00f5es e protestar\u00a0em defesa dos servi\u00e7os p\u00fablicos e dos servidores p\u00fablicos contra a privatiza\u00e7\u00e3o.<\/p>\n<p>\u201cO Carnaval \u00e9 um encontro de folia e divers\u00e3o, mas tamb\u00e9m podemos aproveitar essa concentra\u00e7\u00e3o de pessoas de todos os cantos da cidade para alertar \u00e0 popula\u00e7\u00e3o sobre as medidas que o governo vem promovendo para retirar os direitos dos trabalhadores e trabalhadoras, conquistados \u00e0s custas de muita luta do movimento social\u201d, destacou Fernando Cunha, presidente da ADUFPB, lembrando que n\u00e3o \u00e9 a primeira vez que o sindicato dos docentes na Para\u00edba aproveita a folia de momo para tamb\u00e9m mobilizar a popula\u00e7\u00e3o e chamar aten\u00e7\u00e3o sobre o que est\u00e1 acontecendo no pa\u00eds.<\/p>\n<p>\u201cO sindicato sempre levou sua pol\u00edtica em defesa da classe docente e dos trabalhadores e trabalhadoras para o bloco Corujas, exibindo faixas e distribuindo panfletos outros materiais publicit\u00e1rios. A irrever\u00eancia dos foli\u00f5es tamb\u00e9m contribui com a mobiliza\u00e7\u00e3o dos professores, muitas vezes expressada nas fantasias e manifesta\u00e7\u00f5es sat\u00edricas contra a pol\u00edtica do governo. No ano passado, alertamos sobre os riscos das mudan\u00e7as na Previd\u00eancia. Este ano, a m\u00e1quina pol\u00edtica contra as minorias e os trabalhadores e trabalhadoras continua esfacelando direitos conquistado h\u00e1 anos e colocando em risco a democracia no pa\u00eds\u201d, enfatizou Fernando Cunha.<\/p>\n<p><strong>O bloco<\/strong><\/p>\n<p>Formado por docentes da Universidade Federal da Para\u00edba e organizado pela ADUFPB, o bloco \u201cCorujas \u2013 Amantes da Folia\u201d teve sua estreia em 2006. O primeiro ano do bloco foi no Bar do Baiano, no bairro dos Banc\u00e1rios. Animada por uma orquestra de frevo, a festa, j\u00e1 na concentra\u00e7\u00e3o das Corujas, foi marcada pela execu\u00e7\u00e3o do hino oficial do grupo, composto e interpretado pelo professor Salvador Di Alc\u00e2ntara.<\/p>\n<p>Ap\u00f3s seis anos, o \u201cCorujas \u2013 Amantes da Folia\u201d retornou \u00e0s ruas e arrastou centenas de foli\u00f5es, fazendo do bloco um dos mais destacados daquela noite do pr\u00e9-carnaval em Jo\u00e3o Pessoa. O percurso de quase dois quil\u00f4metros foi conquistado no canto e na dan\u00e7a, ao som da orquestra e no balan\u00e7o majestoso do estandarte. Este ano, o bloco ganhou o apoio cultural de parceiros que mant\u00e9m conv\u00eanios com o sindicato.<\/p>\n<p><em>Fonte: Ascom ADUFPB<\/em><\/p>\n","protected":false},"excerpt":{"rendered":"<p>O Bloco Corujas \u2013 Amantes da Folia vai sair mais uma vez durante o desfile do Bloco Cafu\u00e7u. Com o tema \u201cEm respeito \u00e0s servidoras e aos servidores p\u00fablicos\u201d, o bloco de Carnaval, formado por professores filiados \u00e0 ADUFPB e familiares, vai desfilar no irreverente Cafu\u00e7u, um dos maiores blocos da pr\u00e9via carnavalesca de Jo\u00e3o&hellip;<\/p>\n","protected":false},"author":3,"featured_media":0,"comment_status":"closed","ping_status":"closed","sticky":false,"template":"","format":"standard","meta":{"footnotes":""},"categories":[15],"tags":[],"class_list":["post-22134","post","type-post","status-publish","format-standard","hentry","category-noticias","category-15","description-off"],"_links":{"self":[{"href":"https:\/\/www.adufpb.org.br\/site\/wp-json\/wp\/v2\/posts\/22134","targetHints":{"allow":["GET"]}}],"collection":[{"href":"https:\/\/www.adufpb.org.br\/site\/wp-json\/wp\/v2\/posts"}],"about":[{"href":"https:\/\/www.adufpb.org.br\/site\/wp-json\/wp\/v2\/types\/post"}],"author":[{"embeddable":true,"href":"https:\/\/www.adufpb.org.br\/site\/wp-json\/wp\/v2\/users\/3"}],"replies":[{"embeddable":true,"href":"https:\/\/www.adufpb.org.br\/site\/wp-json\/wp\/v2\/comments?post=22134"}],"version-history":[{"count":6,"href":"https:\/\/www.adufpb.org.br\/site\/wp-json\/wp\/v2\/posts\/22134\/revisions"}],"predecessor-version":[{"id":22154,"href":"https:\/\/www.adufpb.org.br\/site\/wp-json\/wp\/v2\/posts\/22134\/revisions\/22154"}],"wp:attachment":[{"href":"https:\/\/www.adufpb.org.br\/site\/wp-json\/wp\/v2\/media?parent=22134"}],"wp:term":[{"taxonomy":"category","embeddable":true,"href":"https:\/\/www.adufpb.org.br\/site\/wp-json\/wp\/v2\/categories?post=22134"},{"taxonomy":"post_tag","embeddable":true,"href":"https:\/\/www.adufpb.org.br\/site\/wp-json\/wp\/v2\/tags?post=22134"}],"curies":[{"name":"wp","href":"https:\/\/api.w.org\/{rel}","templated":true}]}}