{"id":22121,"date":"2020-02-18T10:04:43","date_gmt":"2020-02-18T13:04:43","guid":{"rendered":"http:\/\/www.adufpb.org.br\/site\/?p=22121"},"modified":"2020-02-19T17:10:13","modified_gmt":"2020-02-19T20:10:13","slug":"diretoria-da-adufpb-pede-esclarecimentos-a-reitora-sobre-medidas-que-prejudicam-carreira-docente","status":"publish","type":"post","link":"https:\/\/www.adufpb.org.br\/site\/diretoria-da-adufpb-pede-esclarecimentos-a-reitora-sobre-medidas-que-prejudicam-carreira-docente\/","title":{"rendered":"Diretoria da ADUFPB pede esclarecimentos \u00e0 reitora sobre medidas que prejudicam carreira docente"},"content":{"rendered":"<p dir=\"ltr\">A Diretoria Executiva da ADUFPB reuniu-se na manh\u00e3 desta segunda-feira (17\/2) com a reitora Margareth Diniz e representantes de setores da administra\u00e7\u00e3o universit\u00e1ria para discutir e pedir esclarecimentos sobre medidas do governo federal que est\u00e3o trazendo preju\u00edzos \u00e0 categoria docente. Na ocasi\u00e3o, a entidade tamb\u00e9m tratou sobre o c\u00e1lculo do pagamento mensal feito pelo sindicato \u00e0 UFPB a t\u00edtulo de cess\u00e3o do espa\u00e7o da sede.<\/p>\n<p>Entre os temas discutidos est\u00e3o o atraso no processo de progress\u00e3o funcional de professores. De acordo com o presidente da ADUFPB, Fernando Cunha, v\u00e1rios docentes procuraram o sindicato para reclamar sobre a demora. Entre eles, h\u00e1 casos de professores que solicitaram a progress\u00e3o ainda em 2019, mas ainda n\u00e3o tiveram resposta.<\/p>\n<p>Outra quest\u00e3o abordada foi a Portaria 2.227\/2019, que trata da autoriza\u00e7\u00e3o de afastamento e concess\u00e3o de di\u00e1rias e passagens, limitando a participa\u00e7\u00e3o de servidores federais em eventos como congressos.<\/p>\n<p>Presente \u00e0 reuni\u00e3o, o pr\u00f3-reitor de Gest\u00e3o de Pessoas, Francisco Ramalho, se comprometeu a apresentar \u00e0 ADUFPB esclarecimentos a respeito das quest\u00f5es tanto da demora na progress\u00e3o funcional, quanto da situa\u00e7\u00e3o referente ao afastamento de servidores para atividades de forma\u00e7\u00e3o. Uma nova audi\u00eancia na reitoria ficou marcada para o dia 2 de mar\u00e7o, \u00e0s 10h.<\/p>\n<p><strong>Cess\u00e3o de espa\u00e7o<\/strong><\/p>\n<p dir=\"ltr\">Ainda durante a reuni\u00e3o desta segunda-feira, o presidente da ADUFPB, Fernando Cunha, voltou a tratar com a reitora sobre o problema da mudan\u00e7a no c\u00e1lculo para cobran\u00e7a do uso do espa\u00e7o onde funciona a sede da entidade. Essa quest\u00e3o se arrasta h\u00e1 pelo menos dois anos, quando a UFPB alterou o c\u00e1lculo e passou a cobrar entidades sindicais e associa\u00e7\u00f5es (que n\u00e3o possuem fins lucrativos) da mesma forma como cobra as empresas que exploram economicamente o espa\u00e7o do campus, como por exemplo os bancos.<\/p>\n<p>O presidente da ADUFPB, Fernando Cunha, entregou \u00e0 reitora um termo t\u00e9cnico no qual apresenta uma proposta alternativa para o c\u00e1lculo. Ele explicou que o sindicato reconhece que n\u00e3o deve gerar despesa ao er\u00e1rio p\u00fablico, embora a resolu\u00e7\u00e3o da pr\u00f3pria Universidade tenha previs\u00e3o da gratuidade para entidades de representa\u00e7\u00e3o sindical e associativa.<\/p>\n<p><strong>Greve Nacional<\/strong><\/p>\n<p dir=\"ltr\">Ao final da reuni\u00e3o, o professor Fernando Cunha informou sobre a mobiliza\u00e7\u00e3o nacional para a realiza\u00e7\u00e3o, no dia 18 de mar\u00e7o, da Greve Nacional da Educa\u00e7\u00e3o. A ades\u00e3o da categoria docente foi aprovada por unanimidade no 39\u00ba Congresso do Andes, realizado de 4 a 8 de fevereiro, em S\u00e3o Paulo. De acordo com ele, os professores na Para\u00edba devem discutir esse tema na pr\u00f3xima assembleia da categoria, a ser realizada no dia 11 de mar\u00e7o.<\/p>\n<p dir=\"ltr\"><a href=\"http:\/\/www.adufpb.org.br\/site\/wp-content\/uploads\/2020\/02\/2020.02.17-reuni\u00e3o-na-reitoria-4.jpeg\"><img loading=\"lazy\" decoding=\"async\" class=\"aligncenter size-large wp-image-22122\" alt=\"2020.02.17 - reuni\u00e3o na reitoria 4\" src=\"http:\/\/www.adufpb.org.br\/site\/wp-content\/uploads\/2020\/02\/2020.02.17-reuni\u00e3o-na-reitoria-4-1024x768.jpeg\" width=\"1024\" height=\"768\" srcset=\"https:\/\/www.adufpb.org.br\/site\/wp-content\/uploads\/2020\/02\/2020.02.17-reuni\u00e3o-na-reitoria-4-1024x768.jpeg 1024w, https:\/\/www.adufpb.org.br\/site\/wp-content\/uploads\/2020\/02\/2020.02.17-reuni\u00e3o-na-reitoria-4-300x225.jpeg 300w, https:\/\/www.adufpb.org.br\/site\/wp-content\/uploads\/2020\/02\/2020.02.17-reuni\u00e3o-na-reitoria-4.jpeg 1280w\" sizes=\"auto, (max-width: 1024px) 100vw, 1024px\" \/><\/a> <a href=\"http:\/\/www.adufpb.org.br\/site\/wp-content\/uploads\/2020\/02\/2020.02.17-reuni\u00e3o-na-reitoria.jpeg\"><img loading=\"lazy\" decoding=\"async\" class=\"aligncenter size-large wp-image-22125\" alt=\"2020.02.17 - reuni\u00e3o na reitoria\" src=\"http:\/\/www.adufpb.org.br\/site\/wp-content\/uploads\/2020\/02\/2020.02.17-reuni\u00e3o-na-reitoria-1024x768.jpeg\" width=\"1024\" height=\"768\" srcset=\"https:\/\/www.adufpb.org.br\/site\/wp-content\/uploads\/2020\/02\/2020.02.17-reuni\u00e3o-na-reitoria-1024x768.jpeg 1024w, https:\/\/www.adufpb.org.br\/site\/wp-content\/uploads\/2020\/02\/2020.02.17-reuni\u00e3o-na-reitoria-300x225.jpeg 300w, https:\/\/www.adufpb.org.br\/site\/wp-content\/uploads\/2020\/02\/2020.02.17-reuni\u00e3o-na-reitoria.jpeg 1280w\" sizes=\"auto, (max-width: 1024px) 100vw, 1024px\" \/><\/a> <a href=\"http:\/\/www.adufpb.org.br\/site\/wp-content\/uploads\/2020\/02\/2020.02.17-reuni\u00e3o-na-reitoria-2.jpeg\"><img loading=\"lazy\" decoding=\"async\" class=\"aligncenter size-large wp-image-22124\" alt=\"2020.02.17 - reuni\u00e3o na reitoria 2\" src=\"http:\/\/www.adufpb.org.br\/site\/wp-content\/uploads\/2020\/02\/2020.02.17-reuni\u00e3o-na-reitoria-2-1024x768.jpeg\" width=\"1024\" height=\"768\" srcset=\"https:\/\/www.adufpb.org.br\/site\/wp-content\/uploads\/2020\/02\/2020.02.17-reuni\u00e3o-na-reitoria-2-1024x768.jpeg 1024w, https:\/\/www.adufpb.org.br\/site\/wp-content\/uploads\/2020\/02\/2020.02.17-reuni\u00e3o-na-reitoria-2-300x225.jpeg 300w, https:\/\/www.adufpb.org.br\/site\/wp-content\/uploads\/2020\/02\/2020.02.17-reuni\u00e3o-na-reitoria-2.jpeg 1280w\" sizes=\"auto, (max-width: 1024px) 100vw, 1024px\" \/><\/a> <a href=\"http:\/\/www.adufpb.org.br\/site\/wp-content\/uploads\/2020\/02\/2020.02.17-reuni\u00e3o-na-reitoria-3.jpeg\"><img loading=\"lazy\" decoding=\"async\" class=\"aligncenter size-large wp-image-22123\" alt=\"2020.02.17 - reuni\u00e3o na reitoria 3\" src=\"http:\/\/www.adufpb.org.br\/site\/wp-content\/uploads\/2020\/02\/2020.02.17-reuni\u00e3o-na-reitoria-3-1024x768.jpeg\" width=\"1024\" height=\"768\" srcset=\"https:\/\/www.adufpb.org.br\/site\/wp-content\/uploads\/2020\/02\/2020.02.17-reuni\u00e3o-na-reitoria-3-1024x768.jpeg 1024w, https:\/\/www.adufpb.org.br\/site\/wp-content\/uploads\/2020\/02\/2020.02.17-reuni\u00e3o-na-reitoria-3-300x225.jpeg 300w, https:\/\/www.adufpb.org.br\/site\/wp-content\/uploads\/2020\/02\/2020.02.17-reuni\u00e3o-na-reitoria-3.jpeg 1280w\" sizes=\"auto, (max-width: 1024px) 100vw, 1024px\" \/><\/a><\/p>\n<p><em>Fonte: Ascom ADUFPB<\/em><\/p>\n","protected":false},"excerpt":{"rendered":"<p>A Diretoria Executiva da ADUFPB reuniu-se na manh\u00e3 desta segunda-feira (17\/2) com a reitora Margareth Diniz e representantes de setores da administra\u00e7\u00e3o universit\u00e1ria para discutir e pedir esclarecimentos sobre medidas do governo federal que est\u00e3o trazendo preju\u00edzos \u00e0 categoria docente. Na ocasi\u00e3o, a entidade tamb\u00e9m tratou sobre o c\u00e1lculo do pagamento mensal feito pelo sindicato&hellip;<\/p>\n","protected":false},"author":3,"featured_media":22123,"comment_status":"closed","ping_status":"closed","sticky":false,"template":"","format":"standard","meta":{"footnotes":""},"categories":[15],"tags":[387,567],"class_list":["post-22121","post","type-post","status-publish","format-standard","has-post-thumbnail","hentry","category-noticias","tag-reitoria","tag-reuniao","category-15","description-off"],"_links":{"self":[{"href":"https:\/\/www.adufpb.org.br\/site\/wp-json\/wp\/v2\/posts\/22121","targetHints":{"allow":["GET"]}}],"collection":[{"href":"https:\/\/www.adufpb.org.br\/site\/wp-json\/wp\/v2\/posts"}],"about":[{"href":"https:\/\/www.adufpb.org.br\/site\/wp-json\/wp\/v2\/types\/post"}],"author":[{"embeddable":true,"href":"https:\/\/www.adufpb.org.br\/site\/wp-json\/wp\/v2\/users\/3"}],"replies":[{"embeddable":true,"href":"https:\/\/www.adufpb.org.br\/site\/wp-json\/wp\/v2\/comments?post=22121"}],"version-history":[{"count":3,"href":"https:\/\/www.adufpb.org.br\/site\/wp-json\/wp\/v2\/posts\/22121\/revisions"}],"predecessor-version":[{"id":22130,"href":"https:\/\/www.adufpb.org.br\/site\/wp-json\/wp\/v2\/posts\/22121\/revisions\/22130"}],"wp:featuredmedia":[{"embeddable":true,"href":"https:\/\/www.adufpb.org.br\/site\/wp-json\/wp\/v2\/media\/22123"}],"wp:attachment":[{"href":"https:\/\/www.adufpb.org.br\/site\/wp-json\/wp\/v2\/media?parent=22121"}],"wp:term":[{"taxonomy":"category","embeddable":true,"href":"https:\/\/www.adufpb.org.br\/site\/wp-json\/wp\/v2\/categories?post=22121"},{"taxonomy":"post_tag","embeddable":true,"href":"https:\/\/www.adufpb.org.br\/site\/wp-json\/wp\/v2\/tags?post=22121"}],"curies":[{"name":"wp","href":"https:\/\/api.w.org\/{rel}","templated":true}]}}