{"id":22074,"date":"2020-02-07T12:56:03","date_gmt":"2020-02-07T15:56:03","guid":{"rendered":"http:\/\/www.adufpb.org.br\/site\/?p=22074"},"modified":"2020-02-07T12:56:03","modified_gmt":"2020-02-07T15:56:03","slug":"debates-sobre-conjuntura-e-movimento-docente-apontam-necessidade-de-unidade-de-acao-para-2020","status":"publish","type":"post","link":"https:\/\/www.adufpb.org.br\/site\/debates-sobre-conjuntura-e-movimento-docente-apontam-necessidade-de-unidade-de-acao-para-2020\/","title":{"rendered":"Debates sobre conjuntura e movimento docente apontam necessidade de unidade de a\u00e7\u00e3o para 2020"},"content":{"rendered":"<p><a href=\"http:\/\/www.adufpb.org.br\/site\/wp-content\/uploads\/2020\/02\/DSC02241.jpg\"><img loading=\"lazy\" decoding=\"async\" class=\"alignleft size-medium wp-image-22075\" alt=\"DSC02241\" src=\"http:\/\/www.adufpb.org.br\/site\/wp-content\/uploads\/2020\/02\/DSC02241-300x200.jpg\" width=\"300\" height=\"200\" srcset=\"https:\/\/www.adufpb.org.br\/site\/wp-content\/uploads\/2020\/02\/DSC02241-300x200.jpg 300w, https:\/\/www.adufpb.org.br\/site\/wp-content\/uploads\/2020\/02\/DSC02241-1024x682.jpg 1024w, https:\/\/www.adufpb.org.br\/site\/wp-content\/uploads\/2020\/02\/DSC02241.jpg 1600w\" sizes=\"auto, (max-width: 300px) 100vw, 300px\" \/><\/a>A conjuntura internacional e na nacional, os ataques aos direitos sociais, em particular \u00e0 Educa\u00e7\u00e3o P\u00fablica, como o Future-se, foram centro do debate da primeira plen\u00e1ria tem\u00e1tica do 39\u00ba Congresso do ANDES-SN, que j\u00e1 re\u00fane mais de 650 pessoas. O evento, que tem como tema central \u201cPor Liberdades Democr\u00e1ticas, Autonomia Universit\u00e1ria e em defesa da Educa\u00e7\u00e3o P\u00fablica e Gratuita\u201d iniciou na manh\u00e3 dessa ter\u00e7a-feira (4), na Universidade de S\u00e3o Paulo (USP).<\/p>\n<p>Durante a tarde, foram apresentados e discutidos nove dos dez textos referentes ao tema &#8220;Conjuntura e Movimento Docente&#8221;. Nas diversas an\u00e1lises, esteve presente o chamado para a constru\u00e7\u00e3o da unidade na luta como estrat\u00e9gia para enfrentar a ofensiva do capitalismo neoliberal, a ascens\u00e3o da extrema-direita e os v\u00e1rios ataques que j\u00e1 est\u00e3o em pauta, como a reforma administrativa, as Propostas de Emenda Constitucional do Pacto Federativo, do Fundo P\u00fablico e a Emergencial, que prev\u00ea a redu\u00e7\u00e3o de sal\u00e1rios para servidores federais, do governo Bolsonaro e do congresso.<\/p>\n<p>As interven\u00e7\u00f5es, tanto dos autores dos textos quanto dos 66 participantes que se inscreveram para fala, ressaltaram as muitas lutas empreendidas em diversos pa\u00edses como Chile, Fran\u00e7a, Tun\u00edsia, Arg\u00e9lia, Equador, Venezuela, Honduras, Bol\u00edvia, entre outros. Foi destacada, ainda, a mobiliza\u00e7\u00e3o dos docentes e demais servidores p\u00fablicos nos estados, em especial contra as reformas das Previd\u00eancias estaduais, como na Bahia, Cear\u00e1, Piau\u00ed, Par\u00e1, Mato Grosso, Rio Grande do Norte. Destacou-se o papel importante do ANDES-SN na constru\u00e7\u00e3o de lutas como o 15M e 30M, fruto da unidade de a\u00e7\u00e3o com as demais entidades da educa\u00e7\u00e3o.<\/p>\n<p>Debateu-se a necessidade de ampliar a mobiliza\u00e7\u00e3o na base docente e fortalecer a unidade da classe trabalhadora, na perspectiva de constru\u00e7\u00e3o da greve do setor da educa\u00e7\u00e3o, e tamb\u00e9m de uma greve geral, tendo como refer\u00eancia a data de 18 de mar\u00e7o, j\u00e1 apontada como um dia de luta pelo F\u00f3rum das Entidades Nacionais dos Servidores P\u00fablicos Federais (Fonasefe) e outras entidades, visando derrotar as pol\u00edticas neoliberais e a agenda reacion\u00e1ria do governo Bolsonaro e do congresso.<\/p>\n<p>Avalia\u00e7\u00e3o<br \/>\nPara Caroline Lima, 1\u00aa secret\u00e1ria do ANDES-SN, que presidiu a primeira plen\u00e1ria, a mesa de conjuntura apontou a pluralidade de ideias do Sindicato Nacional. \u201cTodos os textos foram apresentados e discutidos. Garantimos um n\u00famero significativo de falas para o debate, de exposi\u00e7\u00f5es, o que representa como o nosso sindicato \u00e9 democr\u00e1tico e respeita as diversas posi\u00e7\u00f5es que existem dentro do ANDES-SN. As an\u00e1lises de conjuntura apontam para a necessidade de botarmos peso na greve do dia 18 de mar\u00e7o, de construirmos uma greve geral e de come\u00e7armos a pensar em como radicalizar o movimento da educa\u00e7\u00e3o e fazermos o enfrentamento \u00e0 extrema direita e a todos os governos que atacam os direitos da classe trabalhadora\u201d, concluiu.<\/p>\n<p>Fonte: ANDES-SN<\/p>\n","protected":false},"excerpt":{"rendered":"<p>A conjuntura internacional e na nacional, os ataques aos direitos sociais, em particular \u00e0 Educa\u00e7\u00e3o P\u00fablica, como o Future-se, foram centro do debate da primeira plen\u00e1ria tem\u00e1tica do 39\u00ba Congresso do ANDES-SN, que j\u00e1 re\u00fane mais de 650 pessoas. O evento, que tem como tema central \u201cPor Liberdades Democr\u00e1ticas, Autonomia Universit\u00e1ria e em defesa da&hellip;<\/p>\n","protected":false},"author":4,"featured_media":0,"comment_status":"closed","ping_status":"closed","sticky":false,"template":"","format":"standard","meta":{"footnotes":""},"categories":[15],"tags":[],"class_list":["post-22074","post","type-post","status-publish","format-standard","hentry","category-noticias","category-15","description-off"],"_links":{"self":[{"href":"https:\/\/www.adufpb.org.br\/site\/wp-json\/wp\/v2\/posts\/22074","targetHints":{"allow":["GET"]}}],"collection":[{"href":"https:\/\/www.adufpb.org.br\/site\/wp-json\/wp\/v2\/posts"}],"about":[{"href":"https:\/\/www.adufpb.org.br\/site\/wp-json\/wp\/v2\/types\/post"}],"author":[{"embeddable":true,"href":"https:\/\/www.adufpb.org.br\/site\/wp-json\/wp\/v2\/users\/4"}],"replies":[{"embeddable":true,"href":"https:\/\/www.adufpb.org.br\/site\/wp-json\/wp\/v2\/comments?post=22074"}],"version-history":[{"count":2,"href":"https:\/\/www.adufpb.org.br\/site\/wp-json\/wp\/v2\/posts\/22074\/revisions"}],"predecessor-version":[{"id":22077,"href":"https:\/\/www.adufpb.org.br\/site\/wp-json\/wp\/v2\/posts\/22074\/revisions\/22077"}],"wp:attachment":[{"href":"https:\/\/www.adufpb.org.br\/site\/wp-json\/wp\/v2\/media?parent=22074"}],"wp:term":[{"taxonomy":"category","embeddable":true,"href":"https:\/\/www.adufpb.org.br\/site\/wp-json\/wp\/v2\/categories?post=22074"},{"taxonomy":"post_tag","embeddable":true,"href":"https:\/\/www.adufpb.org.br\/site\/wp-json\/wp\/v2\/tags?post=22074"}],"curies":[{"name":"wp","href":"https:\/\/api.w.org\/{rel}","templated":true}]}}