{"id":21962,"date":"2019-12-17T18:02:17","date_gmt":"2019-12-17T21:02:17","guid":{"rendered":"http:\/\/www.adufpb.org.br\/site\/?p=21962"},"modified":"2019-12-20T12:24:15","modified_gmt":"2019-12-20T15:24:15","slug":"escolha-da-capa-da-agenda-adufpb-2020","status":"publish","type":"post","link":"https:\/\/www.adufpb.org.br\/site\/escolha-da-capa-da-agenda-adufpb-2020\/","title":{"rendered":"Escolha da capa da Agenda ADUFPB 2020"},"content":{"rendered":"<p>A Comiss\u00e3o Julgadora do 8\u00ba Concurso Cultural de Fotografia da ADUFPB \u2013 Edi\u00e7\u00e3o 2019 j\u00e1 escolheu as tr\u00eas melhores imagens cujos autores receber\u00e3o um brinde pela participa\u00e7\u00e3o. As fotografias \u201cFolguedo em Mariana (Mariana, MG)\u201d, de Hermes C. Alvarenga, professor do Departamento de M\u00fasica do CCTA; \u201cMulheres: dores e cores\u201d, de M\u00f4nica de F\u00e1tima Batista Correia, professora do Departamento de Psicologia do CCHLA, e \u201cOlhares perceptivos\u201d, de Bertrand Lira, professor aposentado do Departamento de Comunica\u00e7\u00e3o em M\u00eddias Digitais, foram selecionadas entre as 119 imagens inscritas por 42 professores e professoras dos quatro campi da UFPB.<\/p>\n<p>A sele\u00e7\u00e3o das imagens aconteceu na noite dessa segunda-feira, 16, na Sala de Leitura da ADUFPB, e contou com a colabora\u00e7\u00e3o da Comiss\u00e3o Julgadora volunt\u00e1ria formada pelo professor Cristiano Bonneau, diretor de Comunica\u00e7\u00e3o e Divulga\u00e7\u00e3o da ADUFPB, pela professora Mariza Pinheiro, ex-diretora de Comunica\u00e7\u00e3o e Divulga\u00e7\u00e3o do sindicato (gest\u00e3o 2017-2019), e pelo jornalista Maur\u00edcio Melo, da Assessoria de Comunica\u00e7\u00e3o da entidade. Ap\u00f3s a escolha das tr\u00eas imagens pela comiss\u00e3o julgadora do concurso, a Comiss\u00e3o Editorial da Agenda 2020 decidiu compor duas capas a partir das imagens que mais se adequaram ao design da publica\u00e7\u00e3o, e agora submete as propostas para consulta p\u00fablica a todos os seus filiados com a finalidade de escolher a CAPA que ser\u00e1 impressa na publica\u00e7\u00e3o.<\/p>\n<p>Veja as tr\u00eas as imagens cujos autores ser\u00e3o premiados:<\/p>\n\n\t\t\t<style type='text\/css'>\n\t\t\t\t#gallery-1 {\n\t\t\t\t\tmargin: auto;\n\t\t\t\t}\n\t\t\t\t#gallery-1 .gallery-item {\n\t\t\t\t\tfloat: left;\n\t\t\t\t\tmargin-top: 10px;\n\t\t\t\t\ttext-align: center;\n\t\t\t\t\twidth: 33%;\n\t\t\t\t}\n\t\t\t\t#gallery-1 img {\n\t\t\t\t\tborder: 2px solid #cfcfcf;\n\t\t\t\t}\n\t\t\t\t#gallery-1 .gallery-caption {\n\t\t\t\t\tmargin-left: 0;\n\t\t\t\t}\n\t\t\t\t\/* see gallery_shortcode() in wp-includes\/media.php *\/\n\t\t\t<\/style>\n\t\t<div id='gallery-1' class='dt-gallery-container gallery galleryid-21962 gallery-columns-3 gallery-size-thumbnail'><dl class='gallery-item'>\n\t\t\t\t<dt class='gallery-icon portrait'>\n\t\t\t\t\t<a class=\"rollover\" href='https:\/\/www.adufpb.org.br\/site\/escolha-da-capa-da-agenda-adufpb-2020\/concurso-fotografico-2019-folguedo-em-mariana-hermes-c-alvarenga-departamento-de-musica-do-ccta\/'><img loading=\"lazy\" decoding=\"async\" width=\"150\" height=\"150\" src=\"https:\/\/www.adufpb.org.br\/site\/wp-content\/uploads\/2019\/12\/concurso-fotogr\u00e1fico-2019-Folguedo-em-Mariana-Hermes-C.-Alvarenga-Departamento-de-M\u00fasica-do-CCTA-150x150.jpeg\" class=\"attachment-thumbnail size-thumbnail\" alt=\"\" aria-describedby=\"gallery-1-21975\" \/><\/a>\n\t\t\t\t<\/dt>\n\t\t\t\t\t<dd class='wp-caption-text gallery-caption' id='gallery-1-21975'>\n\t\t\t\t\t&#8220;Folguedo em Mariana&#8221; &#8211; Hermes C. Alvarenga &#8211; Departamento de M\u00fasica do CCTA\n\t\t\t\t\t<\/dd><\/dl><dl class='gallery-item'>\n\t\t\t\t<dt class='gallery-icon landscape'>\n\t\t\t\t\t<a class=\"rollover\" href='https:\/\/www.adufpb.org.br\/site\/escolha-da-capa-da-agenda-adufpb-2020\/concurso-fotografico-2019-olhares-perceptivos-bertrand-lira-demid-cchla\/'><img loading=\"lazy\" decoding=\"async\" width=\"150\" height=\"150\" src=\"https:\/\/www.adufpb.org.br\/site\/wp-content\/uploads\/2019\/12\/concurso-fotogr\u00e1fico-2019-Olhares-Perceptivos-Bertrand-Lira-Demid-CCHLA-150x150.jpeg\" class=\"attachment-thumbnail size-thumbnail\" alt=\"\" aria-describedby=\"gallery-1-21973\" \/><\/a>\n\t\t\t\t<\/dt>\n\t\t\t\t\t<dd class='wp-caption-text gallery-caption' id='gallery-1-21973'>\n\t\t\t\t\t&#8220;Olhares Perceptivos&#8221; &#8211; Bertrand Lira &#8211; Demid-CCHLA\n\t\t\t\t\t<\/dd><\/dl><dl class='gallery-item'>\n\t\t\t\t<dt class='gallery-icon portrait'>\n\t\t\t\t\t<a class=\"rollover\" href='https:\/\/www.adufpb.org.br\/site\/escolha-da-capa-da-agenda-adufpb-2020\/concurso-fotografico-2019-mulheres-dores-e-cores-monica-de-fatima-batista-correia-departamento-de-psicologia\/'><img loading=\"lazy\" decoding=\"async\" width=\"150\" height=\"150\" src=\"https:\/\/www.adufpb.org.br\/site\/wp-content\/uploads\/2019\/12\/concurso-fotogr\u00e1fico-2019-Mulheres-dores-e-cores-M\u00f4nica-de-F\u00e1tima-Batista-Correia-Departamento-de-Psicologia-150x150.jpeg\" class=\"attachment-thumbnail size-thumbnail\" alt=\"\" aria-describedby=\"gallery-1-21974\" \/><\/a>\n\t\t\t\t<\/dt>\n\t\t\t\t\t<dd class='wp-caption-text gallery-caption' id='gallery-1-21974'>\n\t\t\t\t\t&#8220;Mulheres: dores e cores&#8221; &#8211; M\u00f4nica de F\u00e1tima Batista Correia &#8211; Departamento de Psicologia\n\t\t\t\t\t<\/dd><\/dl><br style=\"clear: both\" \/>\n\t\t\t<\/div>\n\n<p><strong>Para votar e escolher a capa da AGENDA ADUFPB 2020, clique no link abaixo:<\/strong><\/p>\n<p><a href=\"https:\/\/forms.gle\/JqGZK4vhR2xWAgU76\" target=\"_blank\">https:\/\/forms.gle\/JqGZK4vhR2xWAgU76<\/a><\/p>\n<p><iframe loading=\"lazy\" src=\"https:\/\/docs.google.com\/forms\/d\/e\/1FAIpQLSeCNLb3ZI9KOkJDRLvfI9Xi3zGY2KKbpkiz-mVi_1n5kJpNaw\/viewform?embedded=true\" height=\"2848\" width=\"640\" frameborder=\"0\" marginwidth=\"0\" marginheight=\"0\"><\/iframe><\/p>\n","protected":false},"excerpt":{"rendered":"<p>A Comiss\u00e3o Julgadora do 8\u00ba Concurso Cultural de Fotografia da ADUFPB \u2013 Edi\u00e7\u00e3o 2019 j\u00e1 escolheu as tr\u00eas melhores imagens cujos autores receber\u00e3o um brinde pela participa\u00e7\u00e3o. As fotografias \u201cFolguedo em Mariana (Mariana, MG)\u201d, de Hermes C. Alvarenga, professor do Departamento de M\u00fasica do CCTA; \u201cMulheres: dores e cores\u201d, de M\u00f4nica de F\u00e1tima Batista Correia,&hellip;<\/p>\n","protected":false},"author":8,"featured_media":21965,"comment_status":"closed","ping_status":"closed","sticky":false,"template":"","format":"standard","meta":{"footnotes":""},"categories":[15,417],"tags":[895,1304],"class_list":["post-21962","post","type-post","status-publish","format-standard","has-post-thumbnail","hentry","category-noticias","category-noticias-destaque","tag-adufpb-2","tag-agenda-2020","category-15","category-417","description-off"],"_links":{"self":[{"href":"https:\/\/www.adufpb.org.br\/site\/wp-json\/wp\/v2\/posts\/21962","targetHints":{"allow":["GET"]}}],"collection":[{"href":"https:\/\/www.adufpb.org.br\/site\/wp-json\/wp\/v2\/posts"}],"about":[{"href":"https:\/\/www.adufpb.org.br\/site\/wp-json\/wp\/v2\/types\/post"}],"author":[{"embeddable":true,"href":"https:\/\/www.adufpb.org.br\/site\/wp-json\/wp\/v2\/users\/8"}],"replies":[{"embeddable":true,"href":"https:\/\/www.adufpb.org.br\/site\/wp-json\/wp\/v2\/comments?post=21962"}],"version-history":[{"count":5,"href":"https:\/\/www.adufpb.org.br\/site\/wp-json\/wp\/v2\/posts\/21962\/revisions"}],"predecessor-version":[{"id":21977,"href":"https:\/\/www.adufpb.org.br\/site\/wp-json\/wp\/v2\/posts\/21962\/revisions\/21977"}],"wp:featuredmedia":[{"embeddable":true,"href":"https:\/\/www.adufpb.org.br\/site\/wp-json\/wp\/v2\/media\/21965"}],"wp:attachment":[{"href":"https:\/\/www.adufpb.org.br\/site\/wp-json\/wp\/v2\/media?parent=21962"}],"wp:term":[{"taxonomy":"category","embeddable":true,"href":"https:\/\/www.adufpb.org.br\/site\/wp-json\/wp\/v2\/categories?post=21962"},{"taxonomy":"post_tag","embeddable":true,"href":"https:\/\/www.adufpb.org.br\/site\/wp-json\/wp\/v2\/tags?post=21962"}],"curies":[{"name":"wp","href":"https:\/\/api.w.org\/{rel}","templated":true}]}}