{"id":2186,"date":"2011-10-25T09:35:34","date_gmt":"2011-10-25T13:35:34","guid":{"rendered":"http:\/\/www.adufpb.org.br\/site\/ebserh-e-rejeitada-por-relator-da-comissao-de-educacao-do-senado\/"},"modified":"2011-10-25T09:35:34","modified_gmt":"2011-10-25T13:35:34","slug":"ebserh-e-rejeitada-por-relator-da-comissao-de-educacao-do-senado","status":"publish","type":"post","link":"https:\/\/www.adufpb.org.br\/site\/ebserh-e-rejeitada-por-relator-da-comissao-de-educacao-do-senado\/","title":{"rendered":"Ebserh \u00e9 rejeitada por relator da Comiss\u00e3o de Educa\u00e7\u00e3o do Senado"},"content":{"rendered":"<p>O senador Roberto Requi\u00e3o (PMDB-PR) apresentou parecer contr\u00e1rio \u00e0 cria\u00e7\u00e3o da Empresa Brasileira de Servi\u00e7os Hospitalares (Ebserh). O parlamentar \u00e9 relator da Comiss\u00e3o de Educa\u00e7\u00e3o do Senado, que analisa o Projeto de Lei da C\u00e2mara (PLC) 79\/2011.<\/p>\n<p>Segundo Requi\u00e3o, a cria\u00e7\u00e3o da Ebserh foi forma encontrada pelo governo federal para tentar solucionar as irregularidades da contrata\u00e7\u00e3o de mais de 26 mil profissionais da sa\u00fade, por meio das funda\u00e7\u00f5es de apoio das universidades. \u201cA situa\u00e7\u00e3o era conhecida h\u00e1 mais de cinco anos, quando o Tribunal de Contas da Uni\u00e3o (TCU) concluiu pela ilegalidade das contrata\u00e7\u00f5es e determinou que os desvios fossem corrigidos (Ac\u00f3rd\u00e3o 1193\/2006 \u2013TC \u2013 Plen\u00e1rio, sess\u00e3o de 19 de julho de 2006). N\u00e3o faltou tempo para que o Poder Executivo tomasse as devidas provid\u00eancias para a realiza\u00e7\u00e3o de concursos p\u00fablicos com o fim de selecionar os funcion\u00e1rios dos hospitais universit\u00e1rios\u201d, denuncia o relator.<\/p>\n<p>O senador aponta que, embora caiba \u00e0 Comiss\u00e3o de Constitui\u00e7\u00e3o e Justi\u00e7a (CCJ) decidir sobre a juridicidade e constitucionalidade das normas que regem a Ebserh, n\u00e3o \u00e9 poss\u00edvel ignorar a precariedade de sustenta\u00e7\u00e3o legal e constitucional da mat\u00e9ria, uma vez que afeta diretamente a \u00e1rea da educa\u00e7\u00e3o.<\/p>\n<p>\u201cA ambiguidade das normas que s\u00e3o criadas para reger a EBSERH n\u00e3o representa apenas o in\u00edcio de um imbr\u00f3glio jur\u00eddico, mas evidencia, tamb\u00e9m, a certeza de sua inoper\u00e2ncia e da cria\u00e7\u00e3o de uma institui\u00e7\u00e3o que tende a ser marcada por desmandos administrativos\u201d, relata Requi\u00e3o.<\/p>\n<p>O senador vai al\u00e9m e acusa a justificativa de cria\u00e7\u00e3o da Ebserh, a qual classifica como faceta empresarial, de ser \u201cpura fachada\u201d. Para o parlamentar, a empresa abre espa\u00e7o para aprofundar ainda mais a ca\u00f3tica pol\u00edtica de pessoal dos hospitais universit\u00e1rios.<\/p>\n<p>\u201cEstranhamente, essa nova empresa ser\u00e1 sustentada por recursos oriundos de dota\u00e7\u00f5es consignadas no or\u00e7amento da Uni\u00e3o, como expressamente afirma o projeto. Que empresa \u00e9 essa que depende de recursos or\u00e7ament\u00e1rios da Uni\u00e3o para sobreviver?\u201d, questiona o senador do PMDB, do Paran\u00e1.<\/p>\n<p>Roberto Requi\u00e3o finaliza seu parecer declarando que \u201cem suma, o PLC n\u00ba 79, de 2001, cria um simulacro de empresa para sanar a inoper\u00e2ncia do Governo Federal em resolver um problema por ele pr\u00f3prio criado. Assim, o que busca a proposi\u00e7\u00e3o \u00e9 promover uma mudan\u00e7a na natureza jur\u00eddica dos hospitais universit\u00e1rios, atropelando a autonomia das universidades, para conferir legalidade \u00e0 mesma situa\u00e7\u00e3o de precariedade na gest\u00e3o de pessoal, certamente dando azo ao favoritismo e ao desperd\u00edcio de recursos p\u00fablicos\u201d. E conclui pela rejei\u00e7\u00e3o do projeto. <a href=\"http:\/\/portal.andes.org.br\/imprensa\/noticias\/imp-ult-32251644.PDF\" target=\"_blank\">Leia o inteiro teor do parecer.<\/a><\/p>\n<p><strong>Tramita\u00e7\u00e3o<\/strong><\/p>\n<p>A cria\u00e7\u00e3o da Ebserh j\u00e1 foi aprovada na C\u00e2mara dos Deputados, onde tramitava como PL 1749\/2010. O texto tramita agora no Senado como PLC 79\/2011, onde est\u00e1 sendo avaliado pelas comiss\u00f5es de Educa\u00e7\u00e3o (CE), Assuntos Sociais (CAS) e de Constitui\u00e7\u00e3o, Justi\u00e7a e Cidadania (CCJC). O Senador Morazildo Cavalcanti (PTB-RR) foi designado relator da CAS. A CCJC ainda n\u00e3o nomeou seu relator.<\/p>\n<p><strong>Rep\u00fadio<\/strong><\/p>\n<p>Uma das \u00faltimas manifesta\u00e7\u00f5es de rep\u00fadio \u00e0 cria\u00e7\u00e3o da Ebserh foi expressa pelo Conselho Nacional de Sa\u00fade (CNS), em mo\u00e7\u00e3o aprovada durante reuni\u00e3o ordin\u00e1ria do Plen\u00e1rio da CNS, no in\u00edcio de outubro.<\/p>\n<p>Entre outras pondera\u00e7\u00f5es, o CNS considera a cria\u00e7\u00e3o da empresa um retrocesso do processo de fortalecimento dos servi\u00e7os p\u00fablicos, que se implantada, representar\u00e1 \u201co aprofundamento das contradi\u00e7\u00f5es existentes na formata\u00e7\u00e3o do Estado Brasileiro\u201d. <a href=\"http:\/\/portal.andes.org.br\/imprensa\/noticias\/imp-ult-25703565.pdf\" target=\"_blank\">Confira aqui a \u00edntegra da mo\u00e7\u00e3o<\/a>.<\/p>\n<p><strong>Hist\u00f3rico<\/strong><\/p>\n<p>O PL 1749\/2011 foi encaminhado ao Congresso, em car\u00e1ter de urg\u00eancia, pela presidente Dilma Rousseff em substitui\u00e7\u00e3o a Medida Provis\u00f3ria (MP) 520\/2010. A atitude foi considerada, pelos contr\u00e1rios \u00e0 cria\u00e7\u00e3o da Ebserh, como uma retalia\u00e7\u00e3o do governo, ap\u00f3s a derrota amargada com a queda da MP.<\/p>\n<p>A medida provis\u00f3ria foi assinada pelo ent\u00e3o presidente Luis In\u00e1cio Lula da Silva, ao final de seu mandato, no dia 31 de dezembro. Ap\u00f3s ser aprovada na C\u00e2mara, apesar da grande press\u00e3o do movimento sindical para que os deputados vetassem a proposta, a MP 520\/2010 acabou perdendo validade quando estava em debate no Senado e n\u00e3o chegou a ser votada pelos senadores, em 1 de junho.<\/p>\n<p>No entanto, mesmo sob forte rejei\u00e7\u00e3o das entidades representativas dos trabalhadores da educa\u00e7\u00e3o e da sa\u00fade, que argumentam que o Projeto de Lei 1749\/2011 abre espa\u00e7o para a privatiza\u00e7\u00e3o dos Hospitais Universit\u00e1rios (HU), os deputados federais aprovaram em 20 de setembro o projeto que cria Ebserh. A mat\u00e9ria tramita agora no Senado.<\/p>\n<p>Na avalia\u00e7\u00e3o do ANDES-SN, a cria\u00e7\u00e3o de uma empresa de direito privado significa uma guinada radical no sentido da privatiza\u00e7\u00e3o da maior rede de hospitais p\u00fablicos do pa\u00eds, os hospitais universit\u00e1rios. Isso representa um ataque \u00e0 autonomia universit\u00e1ria e uma manobra para burlar a constitui\u00e7\u00e3o brasileira, no que tange a exig\u00eancia de contrata\u00e7\u00e3o de pessoal via concurso p\u00fablico.<\/p>\n<p><em>Fonte: ANDES-SN<\/em><\/p>\n","protected":false},"excerpt":{"rendered":"<p>O senador Roberto Requi\u00e3o (PMDB-PR) apresentou parecer contr\u00e1rio \u00e0 cria\u00e7\u00e3o da Empresa Brasileira de Servi\u00e7os Hospitalares (Ebserh). O parlamentar \u00e9 relator da Comiss\u00e3o de Educa\u00e7\u00e3o do Senado, que analisa o Projeto de Lei da C\u00e2mara (PLC) 79\/2011. Segundo Requi\u00e3o, a cria\u00e7\u00e3o da Ebserh foi forma encontrada pelo governo federal para tentar solucionar as irregularidades da&hellip;<\/p>\n","protected":false},"author":3,"featured_media":0,"comment_status":"open","ping_status":"open","sticky":false,"template":"","format":"standard","meta":{"footnotes":""},"categories":[15],"tags":[201,182],"class_list":["post-2186","post","type-post","status-publish","format-standard","hentry","category-noticias","tag-empresa-dos-hospitais","tag-hospitais-universitarios","category-15","description-off"],"_links":{"self":[{"href":"https:\/\/www.adufpb.org.br\/site\/wp-json\/wp\/v2\/posts\/2186","targetHints":{"allow":["GET"]}}],"collection":[{"href":"https:\/\/www.adufpb.org.br\/site\/wp-json\/wp\/v2\/posts"}],"about":[{"href":"https:\/\/www.adufpb.org.br\/site\/wp-json\/wp\/v2\/types\/post"}],"author":[{"embeddable":true,"href":"https:\/\/www.adufpb.org.br\/site\/wp-json\/wp\/v2\/users\/3"}],"replies":[{"embeddable":true,"href":"https:\/\/www.adufpb.org.br\/site\/wp-json\/wp\/v2\/comments?post=2186"}],"version-history":[{"count":0,"href":"https:\/\/www.adufpb.org.br\/site\/wp-json\/wp\/v2\/posts\/2186\/revisions"}],"wp:attachment":[{"href":"https:\/\/www.adufpb.org.br\/site\/wp-json\/wp\/v2\/media?parent=2186"}],"wp:term":[{"taxonomy":"category","embeddable":true,"href":"https:\/\/www.adufpb.org.br\/site\/wp-json\/wp\/v2\/categories?post=2186"},{"taxonomy":"post_tag","embeddable":true,"href":"https:\/\/www.adufpb.org.br\/site\/wp-json\/wp\/v2\/tags?post=2186"}],"curies":[{"name":"wp","href":"https:\/\/api.w.org\/{rel}","templated":true}]}}