{"id":21839,"date":"2019-12-06T12:00:03","date_gmt":"2019-12-06T15:00:03","guid":{"rendered":"http:\/\/www.adufpb.org.br\/site\/?p=21839"},"modified":"2019-12-12T11:46:21","modified_gmt":"2019-12-12T14:46:21","slug":"professores-reunem-se-em-assembleia-nos-dias","status":"publish","type":"post","link":"https:\/\/www.adufpb.org.br\/site\/professores-reunem-se-em-assembleia-nos-dias\/","title":{"rendered":"Professores re\u00fanem-se em assembleia nos dias 10, 11 e 12 de dezembro"},"content":{"rendered":"<p dir=\"ltr\">Assuntos jur\u00eddicos, previs\u00e3o or\u00e7ament\u00e1ria e o 39\u00ba Congresso do Andes &#8211; Sindicato Nacional ser\u00e3o os principais temas em debate na pr\u00f3xima rodada de assembleias dos professores da UFPB. A atividade ocorrer\u00e1 nos campi de Jo\u00e3o Pessoa, Areia e Bananeiras.<\/p>\n<p dir=\"ltr\">A primeira delas ser\u00e1 no dia 10 de dezembro, \u00e0s 9h30, no campus III &#8211; Bananeiras (no miniaudit\u00f3rio do CAVN). No dia seguinte, 11 de dezembro, os debates ocorrer\u00e3o no Centro de Viv\u00eancia do campus I &#8211; Jo\u00e3o Pessoa, reunindo tamb\u00e9m os docentes do Litoral Norte, a partir das 9h. Por fim, no dia 12 de dezembro, haver\u00e1 assembleia no campus II &#8211; Areia (no miniaudit\u00f3rio da ADUFPB), a partir das 15h.<\/p>\n<p dir=\"ltr\">O primeiro assunto a ser tratado diz respeito \u00e0 aprova\u00e7\u00e3o do contrato jur\u00eddico para abertura de processo contra a medida da UFPB de cortar o adicional de insalubridade dos professores. O problema teve in\u00edcio em 2018 e, desde ent\u00e3o, a\u00a0Diretoria Executiva do sindicato tem buscado recorrentemente uma solu\u00e7\u00e3o administrativa, mas at\u00e9 o momento n\u00e3o obteve resposta positiva da universidade.<\/p>\n<p dir=\"ltr\">Tamb\u00e9m consta da pauta da assembleia a aprecia\u00e7\u00e3o da proposta or\u00e7ament\u00e1ria do sindicato para o pr\u00f3ximo ano. Outro ponto \u00e9 a escolha dos delegados e observadores que representar\u00e3o a ADUFPB no 39\u00ba Congresso do Andes-SN, a ser realizado na cidade de S\u00e3o Paulo, de 4 a 8 de fevereiro.\u00a0Inst\u00e2ncia m\u00e1xima de delibera\u00e7\u00e3o da categoria filiada ao Sindicato Nacional, o 39\u00ba Congresso do Andes-SN ter\u00e1 como tema central \u201cPor liberdades democr\u00e1ticas, autonomia universit\u00e1ria e em defesa da educa\u00e7\u00e3o p\u00fablica e gratuita\u201d.<\/p>\n<p dir=\"ltr\">Consta ainda dos pontos de pauta da assembleia docente o processo jur\u00eddico dos 28,86%. No dia 20 de novembro, a ADUFPB conquistou uma importante vit\u00f3ria referente a essa a\u00e7\u00e3o: o Tribunal Regional Federal da 5\u00aa Regi\u00e3o, em Recife (PE), julgou sem proced\u00eancia 62 a\u00e7\u00f5es rescis\u00f3rias que ainda tramitavam na Corte. Na assembleia, a Diretoria vai explicar os desdobramentos desse resultado.<\/p>\n<p><span style=\"text-decoration: underline;\"><strong>AGENDE-SE<\/strong><\/span><\/p>\n<p dir=\"ltr\"><strong>Assembleia docente conjunta<\/strong><\/p>\n<p><strong>&#8211;\u00a010 de dezembro (ter\u00e7a-feira)<\/strong><br \/>\n<strong>Local:<\/strong> Bananeiras (miniaudit\u00f3rio do CAVN)<br \/>\n<strong>Hor\u00e1rio:<\/strong> 9h30<\/p>\n<p><strong>&#8211;\u00a011 de dezembro (quarta-feira)<\/strong><br \/>\n<strong>Local:<\/strong> Jo\u00e3o Pessoa (Centro de Viv\u00eancia)<br \/>\n<strong>Hor\u00e1rio:<\/strong> 9h<\/p>\n<p><strong>&#8211;\u00a012 de dezembro (quinta-feira)<\/strong><br \/>\n<strong>Local:<\/strong> Areia (miniaudit\u00f3rio da ADUFPB)<br \/>\n<strong>Hor\u00e1rio:<\/strong> 15h<\/p>\n<p><strong>Pauta<\/strong><br \/>\n1)\u00a0 Informes;<br \/>\n2)\u00a0 Aprova\u00e7\u00e3o de A\u00e7\u00e3o Judicial de Insalubridade;<br \/>\n3)\u00a0 Aprecia\u00e7\u00e3o do Or\u00e7amento 2020;<br \/>\n4)\u00a0 Elei\u00e7\u00e3o dos delegados e observadores para o 39 Congresso do ANDES;<br \/>\n5)\u00a0 A\u00e7\u00e3o dos 28,86%;<br \/>\n6)\u00a0 Encaminhamentos.<\/p>\n<p><em>Fonte: Ascom ADUFPB<\/em><\/p>\n","protected":false},"excerpt":{"rendered":"<p>Assuntos jur\u00eddicos, previs\u00e3o or\u00e7ament\u00e1ria e o 39\u00ba Congresso do Andes &#8211; Sindicato Nacional ser\u00e3o os principais temas em debate na pr\u00f3xima rodada de assembleias dos professores da UFPB. A atividade ocorrer\u00e1 nos campi de Jo\u00e3o Pessoa, Areia e Bananeiras. A primeira delas ser\u00e1 no dia 10 de dezembro, \u00e0s 9h30, no campus III &#8211; Bananeiras&hellip;<\/p>\n","protected":false},"author":3,"featured_media":21922,"comment_status":"closed","ping_status":"closed","sticky":false,"template":"","format":"standard","meta":{"footnotes":""},"categories":[15,417],"tags":[245,1301,1070,92,816,467,102],"class_list":["post-21839","post","type-post","status-publish","format-standard","has-post-thumbnail","hentry","category-noticias","category-noticias-destaque","tag-245","tag-39o-congresso-do-andes","tag-1070","tag-andes","tag-assembleia","tag-assuntos-juridicos","tag-insalubridade","category-15","category-417","description-off"],"_links":{"self":[{"href":"https:\/\/www.adufpb.org.br\/site\/wp-json\/wp\/v2\/posts\/21839","targetHints":{"allow":["GET"]}}],"collection":[{"href":"https:\/\/www.adufpb.org.br\/site\/wp-json\/wp\/v2\/posts"}],"about":[{"href":"https:\/\/www.adufpb.org.br\/site\/wp-json\/wp\/v2\/types\/post"}],"author":[{"embeddable":true,"href":"https:\/\/www.adufpb.org.br\/site\/wp-json\/wp\/v2\/users\/3"}],"replies":[{"embeddable":true,"href":"https:\/\/www.adufpb.org.br\/site\/wp-json\/wp\/v2\/comments?post=21839"}],"version-history":[{"count":10,"href":"https:\/\/www.adufpb.org.br\/site\/wp-json\/wp\/v2\/posts\/21839\/revisions"}],"predecessor-version":[{"id":21928,"href":"https:\/\/www.adufpb.org.br\/site\/wp-json\/wp\/v2\/posts\/21839\/revisions\/21928"}],"wp:featuredmedia":[{"embeddable":true,"href":"https:\/\/www.adufpb.org.br\/site\/wp-json\/wp\/v2\/media\/21922"}],"wp:attachment":[{"href":"https:\/\/www.adufpb.org.br\/site\/wp-json\/wp\/v2\/media?parent=21839"}],"wp:term":[{"taxonomy":"category","embeddable":true,"href":"https:\/\/www.adufpb.org.br\/site\/wp-json\/wp\/v2\/categories?post=21839"},{"taxonomy":"post_tag","embeddable":true,"href":"https:\/\/www.adufpb.org.br\/site\/wp-json\/wp\/v2\/tags?post=21839"}],"curies":[{"name":"wp","href":"https:\/\/api.w.org\/{rel}","templated":true}]}}