{"id":21816,"date":"2019-11-27T15:38:20","date_gmt":"2019-11-27T18:38:20","guid":{"rendered":"http:\/\/www.adufpb.org.br\/site\/?p=21816"},"modified":"2019-11-28T10:40:25","modified_gmt":"2019-11-28T13:40:25","slug":"eleicao-2019-adufpb-acontece-nesta-quinta-feira","status":"publish","type":"post","link":"https:\/\/www.adufpb.org.br\/site\/eleicao-2019-adufpb-acontece-nesta-quinta-feira\/","title":{"rendered":"Elei\u00e7\u00f5es ADUFPB: Veja os locais de vota\u00e7\u00e3o"},"content":{"rendered":"<p>Acontece nesta quinta-feira (28) a Elei\u00e7\u00e3o 2019 da ADUFPB para a escolha da 33\u00aa diretoria executiva para a gest\u00e3o 2019\/2021. S\u00e3o 18 urnas espalhadas pelos Centros dos campi da UFPB, que incluem Mamanguape, Rio Tinto, Areia e Bananeiras, al\u00e9m de Jo\u00e3o Pessoa.<\/p>\n<p>A vota\u00e7\u00e3o come\u00e7ou \u00e0s 8h e seguir\u00e1 sem parada at\u00e9 o encerramento. Nos centros onde h\u00e1 aulas \u00e0 noite, o fechamento das urnas ocorrer\u00e1 \u00e0s 21h. Nos demais, \u00e0s 18h.\u00a0<span style=\"text-decoration: underline;\"><strong>CONFIRA LOCAIS DE VOTA\u00c7\u00c3O <a href=\"http:\/\/www.adufpb.org.br\/site\/wp-content\/uploads\/2019\/11\/mapa_das_urnas-2019.pdf\" target=\"_blank\">NESTE LINK<\/a><\/strong><\/span>. No total, h\u00e1 2.225 docentes em condi\u00e7\u00f5es de votar e a apura\u00e7\u00e3o ter\u00e1 in\u00edcio ap\u00f3s o fechamento das urnas.<\/p>\n<p>Professores(as) do Centro de Inform\u00e1tica e do Centro de Tecnologia de Desenvolvimento Regional, que s\u00e3o unidades afastadas do campus I, podem votar em separado na urna que funcionar\u00e1 na sede da ADUFPB. Haver\u00e1 tamb\u00e9m a possibilidade de voto em tr\u00e2nsito para docentes que estiverem fora do campus em est\u00e3o lotados(as).<\/p>\n<p>Para escolher a Diretoria Executiva, o(a) professor(a) deve votar em uma das duas chapas inscritas. J\u00e1 para o Conselho de Representantes, pode-se escolher mais de um nome at\u00e9 o limite de vagas reservadas no conselho para o Centro ao qual o eleitor faz parte. Por exemplo, o CCTA, que re\u00fane 159 professores sindicalizados, possui tr\u00eas vagas no CR. Desta forma, os professores desse centro podem votar em at\u00e9 tr\u00eas nomes diferentes dentre os indicados pelas duas chapas.<\/p>\n<p>S\u00e3o duas as chapas que concorrem:<\/p>\n<p><b>CHAPA 1\u00a0&#8211; Universidade, Democracia e Luta<\/b><\/p>\n<p><b>CHAPA 2 &#8211; CORDEL \u2013 Lutar e Mudar as coisas<\/b><\/p>\n<p>&#8212;<\/p>\n<p><b>CONHE\u00c7A OS INTEGRANTES DA CHAPA 1 \u00a0[ Universidade, Democracia e Luta ]<\/b><\/p>\n<p>Presidente: FERNANDO JOS\u00c9 DE PAULA CUNHA (CCS)<br \/>\nVice-Presidenta: FRANCILEIDE DE ARA\u00daJO RODRIGUES (CCS)<br \/>\nSecret\u00e1rio Geral: EDSON FRANCO DE MORAES (CCSA)<br \/>\nTesoureira: MARTA MARIA DINIZ CORDEIRO (CCS)<br \/>\nDiretora de Pol\u00edtica Educacional e Cient\u00edfica: RITA PORTO (CE)<br \/>\nDiretora de Pol\u00edtica Social: TEREZINHA DINIZ (CE)<br \/>\nDiretora Cultural: SANDRA AM\u00c9LIA LUNA CIRNE DE AZEVEDO (CCHLA)<br \/>\nDiretor de Divulga\u00e7\u00e3o e Comunica\u00e7\u00e3o: CRISTIANO BONNEAU (CCAE)<br \/>\nDiretor de Pol\u00edtica Sindical: ANT\u00d4NIO JOAQUIM RODRIGUES FEITOSA (CCEN)<br \/>\nDiretora para Assuntos de Aposentadoria: MARIA IVETE MARTINS CORREIA (CE)<br \/>\nSuplente da Secretaria Geral: ALEXANDRE NADER (CE)<br \/>\nSuplente da Tesouraria: NORMA MARIA MEIRELES MACEDO MAFALDO (CCTA)<br \/>\nDiretor da Secretaria-Adjunta do Campus de Areia: GUTTEMBERG DA SILVA SILVINO (CCA)<br \/>\nSuplente da Secretaria-Adjunta do Campus de Areia: SAULO CABRAL GONDIM (CCA)<br \/>\nDiretora da Secretaria-Adjunta de Bananeiras: IRANICE GON\u00c7ALVES MUNIZ (CCHSA)<br \/>\nSuplente da Secretaria-Adjunta de Bananeiras: NILVANIA DOS SANTOS SILVA (CCHSA)<br \/>\nDiretora da Secretaria-Adjunta do Litoral Norte: MARIA DA PENHA CAETANO DE F GILL (CCAE)<br \/>\nSuplente da Secretaria-Adjunta do Litoral Norte: SAULO EMMANUEL VIEIRA MACIEL (CCAE).<\/p>\n<p><b>CONHE\u00c7A OS INTEGRANTES DA CHAPA 2 [ CORDEL \u2013 Lutar e Mudar as coisas ]<\/b><\/p>\n<p>Presidente: M\u00e1rcio Bernardino da Silva (CCEN)<br \/>\nVice-Presidenta: N\u00edvia Cristiane Pereira da Silva (CCHLA)<br \/>\nSecret\u00e1ria Geral: Ana Lia Almeida (CCJ)<br \/>\nSuplente de Secretaria: Maria Irene Machado (CCHLA \u2013 Aposentada)<br \/>\nTesoureiro: Daniel de Campos Antiquera (CCSA)<br \/>\nSuplente de Tesouraria: Luciana Aliaga (CCHLA)<br \/>\nDiretora de Pol\u00edtica Sindical: T\u00e1ssia Rabelo de Pinho (CCHLA)<br \/>\nDiretora de Pol\u00edtica Social: Mar\u00edlia Meyer Bregalda (CCS)<br \/>\nDiretor de Pol\u00edtica Educacional e Cient\u00edfica: Carlos Eduardo Zaleski Rebu\u00e1 (CE)<br \/>\nDiretora Cultural: Michelle Gabrielli (CCTA)<br \/>\nDiretora de Divulga\u00e7\u00e3o e Comunica\u00e7\u00e3o: Roberta Candeia Gon\u00e7alves (CCJ)<br \/>\nDiretor de Assuntos de Aposentadoria: Kl\u00e9ber Salgado Bandeira (CCA \u2013 Aposentado)<br \/>\nSecretaria Adjunta de Areia (CCA): Diretora \u2013 \u00c2ngela Cristina Alves Albino<br \/>\nSuplente \u2013 La\u00eds Ang\u00e9lica Borges<br \/>\nSecretaria Adjunta de Bananeiras (CCHSA): Diretor \u2013 Lucicl\u00e9a Teixeira Lins<br \/>\nSuplente \u2013 Lu\u00eds Felipe de Ara\u00fajo<br \/>\nSecretaria Adjunta do Litoral Norte (CCAE): Diretor \u2013 Marco Aur\u00e9lio Paz Tella<br \/>\nSuplente \u2013 Kelly Emanuelly de Oliveira<\/p>\n<p><em>FONTE: ASCOM ADUFPB<\/em><\/p>\n","protected":false},"excerpt":{"rendered":"<p>Acontece nesta quinta-feira (28) a Elei\u00e7\u00e3o 2019 da ADUFPB para a escolha da 33\u00aa diretoria executiva para a gest\u00e3o 2019\/2021. S\u00e3o 18 urnas espalhadas pelos Centros dos campi da UFPB, que incluem Mamanguape, Rio Tinto, Areia e Bananeiras, al\u00e9m de Jo\u00e3o Pessoa. A vota\u00e7\u00e3o come\u00e7ou \u00e0s 8h e seguir\u00e1 sem parada at\u00e9 o encerramento. Nos&hellip;<\/p>\n","protected":false},"author":8,"featured_media":21823,"comment_status":"closed","ping_status":"closed","sticky":false,"template":"","format":"standard","meta":{"footnotes":""},"categories":[15,417],"tags":[1297,895,1299,1092,1300],"class_list":["post-21816","post","type-post","status-publish","format-standard","has-post-thumbnail","hentry","category-noticias","category-noticias-destaque","tag-aduf","tag-adufpb-2","tag-chapa","tag-eleicao","tag-urna","category-15","category-417","description-off"],"_links":{"self":[{"href":"https:\/\/www.adufpb.org.br\/site\/wp-json\/wp\/v2\/posts\/21816","targetHints":{"allow":["GET"]}}],"collection":[{"href":"https:\/\/www.adufpb.org.br\/site\/wp-json\/wp\/v2\/posts"}],"about":[{"href":"https:\/\/www.adufpb.org.br\/site\/wp-json\/wp\/v2\/types\/post"}],"author":[{"embeddable":true,"href":"https:\/\/www.adufpb.org.br\/site\/wp-json\/wp\/v2\/users\/8"}],"replies":[{"embeddable":true,"href":"https:\/\/www.adufpb.org.br\/site\/wp-json\/wp\/v2\/comments?post=21816"}],"version-history":[{"count":6,"href":"https:\/\/www.adufpb.org.br\/site\/wp-json\/wp\/v2\/posts\/21816\/revisions"}],"predecessor-version":[{"id":21825,"href":"https:\/\/www.adufpb.org.br\/site\/wp-json\/wp\/v2\/posts\/21816\/revisions\/21825"}],"wp:featuredmedia":[{"embeddable":true,"href":"https:\/\/www.adufpb.org.br\/site\/wp-json\/wp\/v2\/media\/21823"}],"wp:attachment":[{"href":"https:\/\/www.adufpb.org.br\/site\/wp-json\/wp\/v2\/media?parent=21816"}],"wp:term":[{"taxonomy":"category","embeddable":true,"href":"https:\/\/www.adufpb.org.br\/site\/wp-json\/wp\/v2\/categories?post=21816"},{"taxonomy":"post_tag","embeddable":true,"href":"https:\/\/www.adufpb.org.br\/site\/wp-json\/wp\/v2\/tags?post=21816"}],"curies":[{"name":"wp","href":"https:\/\/api.w.org\/{rel}","templated":true}]}}