{"id":21705,"date":"2019-11-05T12:02:31","date_gmt":"2019-11-05T15:02:31","guid":{"rendered":"http:\/\/www.adufpb.org.br\/site\/?p=21705"},"modified":"2019-11-05T12:02:31","modified_gmt":"2019-11-05T15:02:31","slug":"forum-por-direitos-e-liberdades-democraticas-na-paraiba-faz-primeira-reuniao-nesta-terca-feira-5","status":"publish","type":"post","link":"https:\/\/www.adufpb.org.br\/site\/forum-por-direitos-e-liberdades-democraticas-na-paraiba-faz-primeira-reuniao-nesta-terca-feira-5\/","title":{"rendered":"F\u00f3rum por Direitos e Liberdades Democr\u00e1ticas na Para\u00edba faz primeira reuni\u00e3o nesta ter\u00e7a-feira (5)"},"content":{"rendered":"<p><a href=\"http:\/\/www.adufpb.org.br\/site\/wp-content\/uploads\/2019\/11\/reuni\u00e3o-do-f\u00f3rum-por-direitos-e-liberdades-democr\u00e1ticas-na-PB.jpeg\"><img loading=\"lazy\" decoding=\"async\" class=\"aligncenter size-large wp-image-21706\" alt=\"reuni\u00e3o do f\u00f3rum por direitos e liberdades democr\u00e1ticas na PB\" src=\"http:\/\/www.adufpb.org.br\/site\/wp-content\/uploads\/2019\/11\/reuni\u00e3o-do-f\u00f3rum-por-direitos-e-liberdades-democr\u00e1ticas-na-PB-776x1024.jpeg\" width=\"776\" height=\"1024\" srcset=\"https:\/\/www.adufpb.org.br\/site\/wp-content\/uploads\/2019\/11\/reuni\u00e3o-do-f\u00f3rum-por-direitos-e-liberdades-democr\u00e1ticas-na-PB-776x1024.jpeg 776w, https:\/\/www.adufpb.org.br\/site\/wp-content\/uploads\/2019\/11\/reuni\u00e3o-do-f\u00f3rum-por-direitos-e-liberdades-democr\u00e1ticas-na-PB-227x300.jpeg 227w, https:\/\/www.adufpb.org.br\/site\/wp-content\/uploads\/2019\/11\/reuni\u00e3o-do-f\u00f3rum-por-direitos-e-liberdades-democr\u00e1ticas-na-PB.jpeg 970w\" sizes=\"auto, (max-width: 776px) 100vw, 776px\" \/><\/a><\/p>\n","protected":false},"excerpt":{"rendered":"","protected":false},"author":3,"featured_media":0,"comment_status":"closed","ping_status":"closed","sticky":false,"template":"","format":"standard","meta":{"footnotes":""},"categories":[15],"tags":[],"class_list":["post-21705","post","type-post","status-publish","format-standard","hentry","category-noticias","category-15","description-off"],"_links":{"self":[{"href":"https:\/\/www.adufpb.org.br\/site\/wp-json\/wp\/v2\/posts\/21705","targetHints":{"allow":["GET"]}}],"collection":[{"href":"https:\/\/www.adufpb.org.br\/site\/wp-json\/wp\/v2\/posts"}],"about":[{"href":"https:\/\/www.adufpb.org.br\/site\/wp-json\/wp\/v2\/types\/post"}],"author":[{"embeddable":true,"href":"https:\/\/www.adufpb.org.br\/site\/wp-json\/wp\/v2\/users\/3"}],"replies":[{"embeddable":true,"href":"https:\/\/www.adufpb.org.br\/site\/wp-json\/wp\/v2\/comments?post=21705"}],"version-history":[{"count":1,"href":"https:\/\/www.adufpb.org.br\/site\/wp-json\/wp\/v2\/posts\/21705\/revisions"}],"predecessor-version":[{"id":21707,"href":"https:\/\/www.adufpb.org.br\/site\/wp-json\/wp\/v2\/posts\/21705\/revisions\/21707"}],"wp:attachment":[{"href":"https:\/\/www.adufpb.org.br\/site\/wp-json\/wp\/v2\/media?parent=21705"}],"wp:term":[{"taxonomy":"category","embeddable":true,"href":"https:\/\/www.adufpb.org.br\/site\/wp-json\/wp\/v2\/categories?post=21705"},{"taxonomy":"post_tag","embeddable":true,"href":"https:\/\/www.adufpb.org.br\/site\/wp-json\/wp\/v2\/tags?post=21705"}],"curies":[{"name":"wp","href":"https:\/\/api.w.org\/{rel}","templated":true}]}}