{"id":2168,"date":"2011-10-18T11:26:04","date_gmt":"2011-10-18T15:26:04","guid":{"rendered":"http:\/\/www.adufpb.org.br\/site\/apresentacoes-musicais-oficinas-e-mini-cursos-no-musica-em-performance\/"},"modified":"2011-10-18T11:26:04","modified_gmt":"2011-10-18T15:26:04","slug":"apresentacoes-musicais-oficinas-e-mini-cursos-no-musica-em-performance","status":"publish","type":"post","link":"https:\/\/www.adufpb.org.br\/site\/apresentacoes-musicais-oficinas-e-mini-cursos-no-musica-em-performance\/","title":{"rendered":"Apresenta\u00e7\u00f5es musicais, oficinas e mini-cursos no &#8220;M\u00fasica em Performance&#8221;"},"content":{"rendered":"<p>A Universidade Federal da Para\u00edba (UFPB), a Pr\u00f3-reitoria de Extens\u00e3o e Assuntos Comunit\u00e1rios (PRAC) por meio do programa de bolsas de extens\u00e3o (PROBEX), o Centro de Ci\u00eancias Humanas, Letras e Artes (CCHLA), e os Departamentos de M\u00fasica e de Educa\u00e7\u00e3o Musical realizam de segunda (17) a sexta-feira (21 de outubro) a 4\u00aa edi\u00e7\u00e3o do evento <a href=\"http:\/\/musicaemperformance.blogspot.com\" target=\"_blank\">\u201cM\u00fasica em Performance\u201d<\/a>.<\/p>\n<p>O M\u00fasica em Performance \u00e9 um evento que re\u00fane apresenta\u00e7\u00f5es musicais, oficinas e mini-cursos dos professores e alunos de Bacharelado, Licenciatura, Sequencial em M\u00fasica da UFPB e convidados.<\/p>\n<p>Os recitais\/shows contar\u00e3o com a performance de diversos instrumentistas, nas mais variadas forma\u00e7\u00f5es musicais, contemplando repert\u00f3rio do cl\u00e1ssico ao popular.<\/p>\n<p>Ser\u00e3o oferecidas oficinas e mini-cursos de musicaliza\u00e7\u00e3o para beb\u00eas, musicaliza\u00e7\u00e3o infantil atrav\u00e9s do violino e viola, m\u00fasicas asi\u00e1ticas, m\u00fasica sacra oriental, improvisa\u00e7\u00e3o livre,percuss\u00e3o, acordeon, guitarra, bateria, zabumba e cria\u00e7\u00e3o de jogos musicais interativos.<\/p>\n<p>O evento acontece no Departamento de M\u00fasica e de Educa\u00e7\u00e3o Musical e Centro de Viv\u00eancia da UFPB, e a entrada \u00e9 franca.<\/p>\n<p>A programa\u00e7\u00e3o completa pode ser vista no site: <a href=\"http:\/\/musicaemperformance.blogspot.com\" target=\"_blank\">http:\/\/musicaemperformance.blogspot.com<\/a>. Para se inscrever nas oficinas e mini-cursos tamb\u00e9m podem ser feitas no site. As vagas s\u00e3o limitadas.<\/p>\n","protected":false},"excerpt":{"rendered":"<p>A Universidade Federal da Para\u00edba (UFPB), a Pr\u00f3-reitoria de Extens\u00e3o e Assuntos Comunit\u00e1rios (PRAC) por meio do programa de bolsas de extens\u00e3o (PROBEX), o Centro de Ci\u00eancias Humanas, Letras e Artes (CCHLA), e os Departamentos de M\u00fasica e de Educa\u00e7\u00e3o Musical realizam de segunda (17) a sexta-feira (21 de outubro) a 4\u00aa edi\u00e7\u00e3o do evento&hellip;<\/p>\n","protected":false},"author":3,"featured_media":0,"comment_status":"open","ping_status":"open","sticky":false,"template":"","format":"standard","meta":{"footnotes":""},"categories":[15],"tags":[206,57],"class_list":["post-2168","post","type-post","status-publish","format-standard","hentry","category-noticias","tag-departamento-de-musica","tag-eventos","category-15","description-off"],"_links":{"self":[{"href":"https:\/\/www.adufpb.org.br\/site\/wp-json\/wp\/v2\/posts\/2168","targetHints":{"allow":["GET"]}}],"collection":[{"href":"https:\/\/www.adufpb.org.br\/site\/wp-json\/wp\/v2\/posts"}],"about":[{"href":"https:\/\/www.adufpb.org.br\/site\/wp-json\/wp\/v2\/types\/post"}],"author":[{"embeddable":true,"href":"https:\/\/www.adufpb.org.br\/site\/wp-json\/wp\/v2\/users\/3"}],"replies":[{"embeddable":true,"href":"https:\/\/www.adufpb.org.br\/site\/wp-json\/wp\/v2\/comments?post=2168"}],"version-history":[{"count":0,"href":"https:\/\/www.adufpb.org.br\/site\/wp-json\/wp\/v2\/posts\/2168\/revisions"}],"wp:attachment":[{"href":"https:\/\/www.adufpb.org.br\/site\/wp-json\/wp\/v2\/media?parent=2168"}],"wp:term":[{"taxonomy":"category","embeddable":true,"href":"https:\/\/www.adufpb.org.br\/site\/wp-json\/wp\/v2\/categories?post=2168"},{"taxonomy":"post_tag","embeddable":true,"href":"https:\/\/www.adufpb.org.br\/site\/wp-json\/wp\/v2\/tags?post=2168"}],"curies":[{"name":"wp","href":"https:\/\/api.w.org\/{rel}","templated":true}]}}