{"id":21567,"date":"2019-10-23T10:34:34","date_gmt":"2019-10-23T13:34:34","guid":{"rendered":"http:\/\/www.adufpb.org.br\/site\/?p=21567"},"modified":"2019-10-23T10:34:34","modified_gmt":"2019-10-23T13:34:34","slug":"28-universidades-federais-ja-rejeitaram-o-future-se","status":"publish","type":"post","link":"https:\/\/www.adufpb.org.br\/site\/28-universidades-federais-ja-rejeitaram-o-future-se\/","title":{"rendered":"28 universidades federais j\u00e1 rejeitaram o Future-se"},"content":{"rendered":"<div id=\"noticia-descricao\">\n<p>Os Conselhos Universit\u00e1rios de 28 institui\u00e7\u00f5es federais de ensino superior j\u00e1 manifestaram oficialmente a rejei\u00e7\u00e3o ao programa Future-se, do governo federal, at\u00e9 essa segunda-feira, 14. Diversas outras universidades federais constitu\u00edram grupos de trabalho para analisar o programa e encaminhar a discuss\u00e3o nos \u00f3rg\u00e3os superiores.<\/p>\n<p>O programa, que representa a extin\u00e7\u00e3o da Educa\u00e7\u00e3o P\u00fablica Federal, foi apresentado pelo Minist\u00e9rio da Educa\u00e7\u00e3o em 17 de julho. Desde ent\u00e3o, tem sido repudiado pelas comunidades acad\u00eamicas de quase todas as 68 federais, que v\u00eam realizando assembleias conjuntas e debates sobre o tema.<\/p>\n<p><strong>Mobiliza\u00e7\u00e3o<\/strong><\/p>\n<p>Desde que o governo anunciou sucessivos cortes no or\u00e7amento da Educa\u00e7\u00e3o Federal, docentes, estudantes e t\u00e9cnico-administrativos foram \u00e0s ruas, junto com demais segmentos da sociedade, em defesa da educa\u00e7\u00e3o.<\/p>\n<p>Ap\u00f3s o an\u00fancio do Future-se, os setores da Educa\u00e7\u00e3o realizaram um dia de paralisa\u00e7\u00e3o nacional. Em 13 de agosto, milhares foram novamente \u00e0s ruas em protesto contra os ataques \u00e0 educa\u00e7\u00e3o.<\/p>\n<p>No in\u00edcio de outubro (2 e 3), foi realizada uma nova greve, dessa vez de 48 horas. As se\u00e7\u00f5es sindicais do ANDES-SN realizaram v\u00e1rias atividades nas universidades, institutos federais e Cefets, para dialogar com a popula\u00e7\u00e3o sobre os ataques \u00e0 Educa\u00e7\u00e3o P\u00fablica e no segundo dia realizaram manifesta\u00e7\u00f5es por todo o pa\u00eds.<\/p>\n<p>Confira as universidades federais nas quais os Conselhos Universit\u00e1rios j\u00e1 rejeitaram o Future-se<\/p>\n<p>Universidade de Bras\u00edlia (UnB)<\/p>\n<p>Universidade Federal de Goi\u00e1s (UFG)<\/p>\n<p>Universidade Federal do Cariri (UFCA)<\/p>\n<p>Universidade Federal de Pernambuco (UFPE)<\/p>\n<p>Universidade Federal do Cear\u00e1 (UFC)<\/p>\n<p>Universidade Federal do Vale do S\u00e3o Francisco (Univasf)<\/p>\n<p>Universidade Federal de Roraima (UFRR)<\/p>\n<p>Universidade Federal do Amap\u00e1 (Unifap)<\/p>\n<p>Universidade Federal do Amazonas (Ufam)<\/p>\n<p>Universidade Federal de Juiz de Fora (UFJF)<\/p>\n<p>Universidade Federal de Minas Gerais (UFMG)<\/p>\n<p>Universidade Federal de Ouro Preto (Ufop)<\/p>\n<p>Universidade Federal de S\u00e3o Jo\u00e3o del-Rei (UFSJ)<\/p>\n<p>Universidade Federal de S\u00e3o Paulo (Unifesp)<\/p>\n<p>Universidade Federal de Uberl\u00e2ndia (UFU)<\/p>\n<p>Universidade Federal do ABC (Ufabc)<\/p>\n<p>Universidade Federal do Rio de Janeiro (UFRJ)<\/p>\n<p>Universidade Federal Fluminense (UFF)<\/p>\n<p>Universidade Federal Rural do Rio de Janeiro (UFRRJ)<\/p>\n<p>Universidade Federal de Pelotas (UFPel)<\/p>\n<p>Universidade Federal de Santa Catarina\u00a0\u00a0(UFSC)<\/p>\n<p>Universidade Federal do Paran\u00e1 (UFPR)<\/p>\n<p>Universidade Federal do Rio Grande (Furg)<\/p>\n<p>Universidade Federal do Rio Grande do Sul (UFRGS)<\/p>\n<p>Universidade Federal do Par\u00e1 (UFPA)<\/p>\n<p>Universidade Federal do Esp\u00edrito Santo\u00a0(UFES)<\/p>\n<p>Universidade Federal de Santa Maria (UFSM)<\/p>\n<p>Universidade Federal Rural do Pernambuco (Uferpe)<\/p>\n<\/div>\n<div id=\"share-buttons\"><em>Fonte: Andes-SN<\/em><\/div>\n","protected":false},"excerpt":{"rendered":"<p>Os Conselhos Universit\u00e1rios de 28 institui\u00e7\u00f5es federais de ensino superior j\u00e1 manifestaram oficialmente a rejei\u00e7\u00e3o ao programa Future-se, do governo federal, at\u00e9 essa segunda-feira, 14. Diversas outras universidades federais constitu\u00edram grupos de trabalho para analisar o programa e encaminhar a discuss\u00e3o nos \u00f3rg\u00e3os superiores. O programa, que representa a extin\u00e7\u00e3o da Educa\u00e7\u00e3o P\u00fablica Federal, foi&hellip;<\/p>\n","protected":false},"author":3,"featured_media":0,"comment_status":"closed","ping_status":"closed","sticky":false,"template":"","format":"standard","meta":{"footnotes":""},"categories":[15],"tags":[1264],"class_list":["post-21567","post","type-post","status-publish","format-standard","hentry","category-noticias","tag-future-se","category-15","description-off"],"_links":{"self":[{"href":"https:\/\/www.adufpb.org.br\/site\/wp-json\/wp\/v2\/posts\/21567","targetHints":{"allow":["GET"]}}],"collection":[{"href":"https:\/\/www.adufpb.org.br\/site\/wp-json\/wp\/v2\/posts"}],"about":[{"href":"https:\/\/www.adufpb.org.br\/site\/wp-json\/wp\/v2\/types\/post"}],"author":[{"embeddable":true,"href":"https:\/\/www.adufpb.org.br\/site\/wp-json\/wp\/v2\/users\/3"}],"replies":[{"embeddable":true,"href":"https:\/\/www.adufpb.org.br\/site\/wp-json\/wp\/v2\/comments?post=21567"}],"version-history":[{"count":1,"href":"https:\/\/www.adufpb.org.br\/site\/wp-json\/wp\/v2\/posts\/21567\/revisions"}],"predecessor-version":[{"id":21568,"href":"https:\/\/www.adufpb.org.br\/site\/wp-json\/wp\/v2\/posts\/21567\/revisions\/21568"}],"wp:attachment":[{"href":"https:\/\/www.adufpb.org.br\/site\/wp-json\/wp\/v2\/media?parent=21567"}],"wp:term":[{"taxonomy":"category","embeddable":true,"href":"https:\/\/www.adufpb.org.br\/site\/wp-json\/wp\/v2\/categories?post=21567"},{"taxonomy":"post_tag","embeddable":true,"href":"https:\/\/www.adufpb.org.br\/site\/wp-json\/wp\/v2\/tags?post=21567"}],"curies":[{"name":"wp","href":"https:\/\/api.w.org\/{rel}","templated":true}]}}