{"id":21462,"date":"2019-10-14T11:36:58","date_gmt":"2019-10-14T14:36:58","guid":{"rendered":"http:\/\/www.adufpb.org.br\/site\/?p=21462"},"modified":"2019-10-16T11:55:45","modified_gmt":"2019-10-16T14:55:45","slug":"adufpb-comemora-dia-dos-professores-com-atividades-culturais-e-politicas","status":"publish","type":"post","link":"https:\/\/www.adufpb.org.br\/site\/adufpb-comemora-dia-dos-professores-com-atividades-culturais-e-politicas\/","title":{"rendered":"ADUFPB comemora Dia dos Professores com atividades culturais e pol\u00edticas"},"content":{"rendered":"<p dir=\"ltr\">O Dia dos Professores ser\u00e1 comemorado nesta ter\u00e7a-feira, 15 de outubro, com atividades culturais e pol\u00edticas organizadas pela ADUFPB. A data tamb\u00e9m marca o retorno \u00e0s aulas e in\u00edcio do per\u00edodo 2019.2.<\/p>\n<p dir=\"ltr\">No campus I, em Jo\u00e3o Pessoa, a partir das 9h, ser\u00e1 oferecido um caf\u00e9 da manh\u00e3 aos docentes no Terra\u00e7o Cultural Silvio Frank Allen, localizado na sede da ADUFPB, no Centro de Viv\u00eancia.<\/p>\n<p dir=\"ltr\">Ainda no campus I, no per\u00edodo da tarde, ocorrer\u00e1 reuni\u00e3o do Conselho de Representantes, a partir das 15h, na Sala de Leitura. Para encerrar as atividades em Jo\u00e3o Pessoa, ser\u00e1 oferecido aos professores um lanche da tarde, a partir das 17h, tamb\u00e9m na sede da entidade.<\/p>\n<p dir=\"ltr\">\n<p><strong>Atividades no interior<\/strong><\/p>\n<p dir=\"ltr\">No campus III, em Bananeiras, o Dia dos Professores tamb\u00e9m come\u00e7ar\u00e1 com um caf\u00e9 da manh\u00e3, \u00e0s 8h. Na sequ\u00eancia, ser\u00e1 realizada a palestra \u201cA evolu\u00e7\u00e3o da carreira de professor do Ensino B\u00e1sico, T\u00e9cnico e Tecnol\u00f3gico no \u00e2mbito do Magist\u00e9rio Federal brasileiro: balan\u00e7os e perspectivas\u201d, ministrada pelo professor Marino Eug\u00eanio, diretor da ADUFPB no campus III.<\/p>\n<p dir=\"ltr\">No munic\u00edpio de Areia (campus II), a subsecretaria da ADUFPB ir\u00e1 realizar um almo\u00e7o para os professores, a partir do meio dia. J\u00e1 no Litoral Norte (campus IV), ser\u00e1 servido um lanche da tarde, a partir das 17h30.<\/p>\n<p><em>Fonte: Ascom ADUFPB<\/em><\/p>\n","protected":false},"excerpt":{"rendered":"<p>O Dia dos Professores ser\u00e1 comemorado nesta ter\u00e7a-feira, 15 de outubro, com atividades culturais e pol\u00edticas organizadas pela ADUFPB. A data tamb\u00e9m marca o retorno \u00e0s aulas e in\u00edcio do per\u00edodo 2019.2. No campus I, em Jo\u00e3o Pessoa, a partir das 9h, ser\u00e1 oferecido um caf\u00e9 da manh\u00e3 aos docentes no Terra\u00e7o Cultural Silvio Frank&hellip;<\/p>\n","protected":false},"author":3,"featured_media":21463,"comment_status":"closed","ping_status":"closed","sticky":false,"template":"","format":"standard","meta":{"footnotes":""},"categories":[15],"tags":[66],"class_list":["post-21462","post","type-post","status-publish","format-standard","has-post-thumbnail","hentry","category-noticias","tag-dia-do-professor","category-15","description-off"],"_links":{"self":[{"href":"https:\/\/www.adufpb.org.br\/site\/wp-json\/wp\/v2\/posts\/21462","targetHints":{"allow":["GET"]}}],"collection":[{"href":"https:\/\/www.adufpb.org.br\/site\/wp-json\/wp\/v2\/posts"}],"about":[{"href":"https:\/\/www.adufpb.org.br\/site\/wp-json\/wp\/v2\/types\/post"}],"author":[{"embeddable":true,"href":"https:\/\/www.adufpb.org.br\/site\/wp-json\/wp\/v2\/users\/3"}],"replies":[{"embeddable":true,"href":"https:\/\/www.adufpb.org.br\/site\/wp-json\/wp\/v2\/comments?post=21462"}],"version-history":[{"count":4,"href":"https:\/\/www.adufpb.org.br\/site\/wp-json\/wp\/v2\/posts\/21462\/revisions"}],"predecessor-version":[{"id":21475,"href":"https:\/\/www.adufpb.org.br\/site\/wp-json\/wp\/v2\/posts\/21462\/revisions\/21475"}],"wp:featuredmedia":[{"embeddable":true,"href":"https:\/\/www.adufpb.org.br\/site\/wp-json\/wp\/v2\/media\/21463"}],"wp:attachment":[{"href":"https:\/\/www.adufpb.org.br\/site\/wp-json\/wp\/v2\/media?parent=21462"}],"wp:term":[{"taxonomy":"category","embeddable":true,"href":"https:\/\/www.adufpb.org.br\/site\/wp-json\/wp\/v2\/categories?post=21462"},{"taxonomy":"post_tag","embeddable":true,"href":"https:\/\/www.adufpb.org.br\/site\/wp-json\/wp\/v2\/tags?post=21462"}],"curies":[{"name":"wp","href":"https:\/\/api.w.org\/{rel}","templated":true}]}}