{"id":21436,"date":"2019-10-07T10:29:29","date_gmt":"2019-10-07T13:29:29","guid":{"rendered":"http:\/\/www.adufpb.org.br\/site\/?p=21436"},"modified":"2019-10-07T10:29:29","modified_gmt":"2019-10-07T13:29:29","slug":"senado-aprova-desmonte-da-previdencia-em-primeiro-turno","status":"publish","type":"post","link":"https:\/\/www.adufpb.org.br\/site\/senado-aprova-desmonte-da-previdencia-em-primeiro-turno\/","title":{"rendered":"Senado aprova desmonte da previd\u00eancia em primeiro turno"},"content":{"rendered":"<p>O Senado aprovou, em primeiro turno, o texto da reforma da Previd\u00eancia. A Proposta de Emenda Constitucional N\u00b0 6\/2019 teve 56 votos favor\u00e1veis e 19 contr\u00e1rios. A vota\u00e7\u00e3o teve in\u00edcio na ter\u00e7a-feira (1), logo ap\u00f3s a aprova\u00e7\u00e3o do texto do relator na Comiss\u00e3o de Constitui\u00e7\u00e3o e Justi\u00e7a (CCJ), e foi conclu\u00edda na quarta (2).<\/p>\n<p>Durante toda a discuss\u00e3o acerca do desmonte da Seguridade Social e da retirada dos direitos de aposentadoria da popula\u00e7\u00e3o, o acesso ao Senado foi bloqueado a visitantes e manifestantes.<\/p>\n<p>O texto votado em plen\u00e1rio traz apenas uma altera\u00e7\u00e3o em rela\u00e7\u00e3o ao relat\u00f3rio do senador Tasso Jereissati (PSDB-CE). Os senadores acataram o destaque que preserva as regras atuais para o pagamento de abono salarial para quem ganha at\u00e9 dois sal\u00e1rios m\u00ednimos.<\/p>\n<p>Agora a PEC 6\/2019 poder\u00e1 receber, em plen\u00e1rio, emendas de reda\u00e7\u00e3o. Passar\u00e1 por tr\u00eas sess\u00f5es de discuss\u00e3o, antes de ser encaminhada para a vota\u00e7\u00e3o em segundo turno. \u00a0Caso seja aprovada sem altera\u00e7\u00f5es em rela\u00e7\u00e3o ao texto da C\u00e2mara, segue para promulga\u00e7\u00e3o.<\/p>\n<p>Para evitar uma nova an\u00e1lise da C\u00e2mara dos Deputados, que atrasaria a promulga\u00e7\u00e3o, foram feitas apenas supress\u00f5es e emendas de reda\u00e7\u00e3o. Os pontos sobre os quais n\u00e3o havia consenso foram desmembrados durante a an\u00e1lise da Comiss\u00e3o de Constitui\u00e7\u00e3o e Justi\u00e7a (CCJ) e passaram a tramitar como PEC paralela (PEC 133\/2019), que tamb\u00e9m est\u00e1 sendo analisada pelo Senado.<\/p>\n<p>S\u00f4nia Meire Azevedo, 1\u00aa vice-presidente do ANDES-SN, destacou que a luta contra a reforma da Previd\u00eancia est\u00e1 inserida em um contexto de resist\u00eancias contra a ofensiva do capital financeiro.<\/p>\n<p>&#8220;H\u00e1 um conjunto de medidas e a reforma da Previd\u00eancia \u00e9 a principal delas mas n\u00e3o \u00e9 o \u00fanico projeto de ataque \u00e0 classe trabalhadora que est\u00e1 em pauta. Hoje foi um dia importante, pelas 48h de greve, nas quais muitas universidades e institutos federais pararam, al\u00e9m de outras categorias. A paralisa\u00e7\u00e3o da classe trabalhadora foi contra esse governo, contra os ataques \u00e0 educa\u00e7\u00e3o, contra a reforma da Previd\u00eancia, em defesa da soberania, contra a venda dos correios, dos ativos da Petrobras, das nossas estatais. N\u00f3s n\u00e3o temos uma s\u00f3 pauta, a reforma da previd\u00eancia \u00e9 uma pauta muito importante para a classe trabalhadora, mas n\u00f3s temos outras pautas que foram agregadas ao nosso dia de luta. Precisamos aumentar a press\u00e3o popular, embora estejamos num endurecimento cada vez maior das medidas do governo. Eu tenho esperan\u00e7a na classe trabalhadora&#8221;, conclui S\u00f4nia.<\/p>\n<p><em>Fonte: Andes-SN<\/em><\/p>\n","protected":false},"excerpt":{"rendered":"<p>O Senado aprovou, em primeiro turno, o texto da reforma da Previd\u00eancia. A Proposta de Emenda Constitucional N\u00b0 6\/2019 teve 56 votos favor\u00e1veis e 19 contr\u00e1rios. A vota\u00e7\u00e3o teve in\u00edcio na ter\u00e7a-feira (1), logo ap\u00f3s a aprova\u00e7\u00e3o do texto do relator na Comiss\u00e3o de Constitui\u00e7\u00e3o e Justi\u00e7a (CCJ), e foi conclu\u00edda na quarta (2). Durante&hellip;<\/p>\n","protected":false},"author":3,"featured_media":0,"comment_status":"closed","ping_status":"closed","sticky":false,"template":"","format":"standard","meta":{"footnotes":""},"categories":[15],"tags":[],"class_list":["post-21436","post","type-post","status-publish","format-standard","hentry","category-noticias","category-15","description-off"],"_links":{"self":[{"href":"https:\/\/www.adufpb.org.br\/site\/wp-json\/wp\/v2\/posts\/21436","targetHints":{"allow":["GET"]}}],"collection":[{"href":"https:\/\/www.adufpb.org.br\/site\/wp-json\/wp\/v2\/posts"}],"about":[{"href":"https:\/\/www.adufpb.org.br\/site\/wp-json\/wp\/v2\/types\/post"}],"author":[{"embeddable":true,"href":"https:\/\/www.adufpb.org.br\/site\/wp-json\/wp\/v2\/users\/3"}],"replies":[{"embeddable":true,"href":"https:\/\/www.adufpb.org.br\/site\/wp-json\/wp\/v2\/comments?post=21436"}],"version-history":[{"count":1,"href":"https:\/\/www.adufpb.org.br\/site\/wp-json\/wp\/v2\/posts\/21436\/revisions"}],"predecessor-version":[{"id":21438,"href":"https:\/\/www.adufpb.org.br\/site\/wp-json\/wp\/v2\/posts\/21436\/revisions\/21438"}],"wp:attachment":[{"href":"https:\/\/www.adufpb.org.br\/site\/wp-json\/wp\/v2\/media?parent=21436"}],"wp:term":[{"taxonomy":"category","embeddable":true,"href":"https:\/\/www.adufpb.org.br\/site\/wp-json\/wp\/v2\/categories?post=21436"},{"taxonomy":"post_tag","embeddable":true,"href":"https:\/\/www.adufpb.org.br\/site\/wp-json\/wp\/v2\/tags?post=21436"}],"curies":[{"name":"wp","href":"https:\/\/api.w.org\/{rel}","templated":true}]}}