{"id":21433,"date":"2019-10-07T10:28:51","date_gmt":"2019-10-07T13:28:51","guid":{"rendered":"http:\/\/www.adufpb.org.br\/site\/?p=21433"},"modified":"2019-10-07T10:28:51","modified_gmt":"2019-10-07T13:28:51","slug":"iv-congresso-da-csp-conlutas-debate-conjuntura-nacional-e-internacional","status":"publish","type":"post","link":"https:\/\/www.adufpb.org.br\/site\/iv-congresso-da-csp-conlutas-debate-conjuntura-nacional-e-internacional\/","title":{"rendered":"IV Congresso da CSP-Conlutas debate conjuntura Nacional e Internacional"},"content":{"rendered":"<p><a href=\"http:\/\/www.adufpb.org.br\/site\/wp-content\/uploads\/2019\/10\/2019-congresso-da-CSP-Conlutas.jpg\"><img loading=\"lazy\" decoding=\"async\" class=\"aligncenter size-medium wp-image-21434\" alt=\"2019 - congresso da CSP-Conlutas\" src=\"http:\/\/www.adufpb.org.br\/site\/wp-content\/uploads\/2019\/10\/2019-congresso-da-CSP-Conlutas-300x122.jpg\" width=\"300\" height=\"122\" srcset=\"https:\/\/www.adufpb.org.br\/site\/wp-content\/uploads\/2019\/10\/2019-congresso-da-CSP-Conlutas-300x122.jpg 300w, https:\/\/www.adufpb.org.br\/site\/wp-content\/uploads\/2019\/10\/2019-congresso-da-CSP-Conlutas-1024x417.jpg 1024w, https:\/\/www.adufpb.org.br\/site\/wp-content\/uploads\/2019\/10\/2019-congresso-da-CSP-Conlutas.jpg 1080w\" sizes=\"auto, (max-width: 300px) 100vw, 300px\" \/><\/a>As delegadas e delegados presentes no segundo dia do IV Congresso da CSP-Conlutas iniciaram os trabalhos aprovando as resolu\u00e7\u00f5es pol\u00edticas que direcionam o posicionamento da central sobre as conjunturas nacional e internacional.<\/p>\n<p>Dezenas de propostas de resolu\u00e7\u00f5es foram apresentadas e discutidas em dez grupos de trabalho espalhadas pelo local do evento. As resolu\u00e7\u00f5es aprovadas por mais de 10% dos votos nos grupos foram levadas ao plen\u00e1rio, para ent\u00e3o vota\u00e7\u00e3o dos presentes no Congresso. Ao todo, foram cerca de 30 defesas, garantindo a diversidade, a democracia e a liberdade de escolha, princ\u00edpios norteadores da CSP-Conlutas.<\/p>\n<p><strong>Conjuntura Nacional<\/strong><\/p>\n<p>No debate sobre a Conjuntura Nacional foram aprovadas as resolu\u00e7\u00f5es 13 e 15: \u201cDerrotar nas ruas o ajuste e autoritarismos do governo Bolsonaro\u201d e \u201cUnidade na Luta com independ\u00eancia de classe para derrotas o projeto de Bolsonaro\u201d, respectivamente, al\u00e9m dos resolves propostos pelas resolu\u00e7\u00f5es 16,22,23 e 25. O plen\u00e1rio aprovou ainda o adendo n\u00famero 1, que trata da Opera\u00e7\u00e3o Lava Jato.<\/p>\n<p>Os dirigentes focaram na situa\u00e7\u00e3o pol\u00edtica nacional em torno do car\u00e1ter de ultradireita, ultraliberal e ditatorial do governo de Bolsonaro. Segundo Fernando Lacerda, 2\u00b0 vice-presidente da regional Planalto do ANDES-SN, este \u00e9 um governo submisso aos interesses do capital internacional. \u201cQuem est\u00e1 no poder quer transformar o Brasil em uma nova col\u00f4nia entreguista das riquezas nacionais, al\u00e9m de impor um projeto conversador, reacion\u00e1rio e machista\u201d, acrescentou.<\/p>\n<p><strong>Conjuntura Internacional<\/strong><\/p>\n<p>Sobre a situa\u00e7\u00e3o internacional, a plen\u00e1ria avaliou, consensualmente, sobre a gravidade da crise capitalista que se expande desde 2007 e 2008. As delegadas e delegados afirmaram que existe a perspectiva de uma nova crise mundial e o que o jogo do mundo capitalista \u00e9 criar crises em cima dos trabalhadores e trabalhadoras, com planos de ajustes, desemprego, retirada de direitos, privatiza\u00e7\u00f5es e os mais diversos ataques.<\/p>\n<p>Outro ponto de destaque foi o debate sobre a crise ambiental provocada pelas pot\u00eancias mundiais motivadas pelas grandes guerras, pela explora\u00e7\u00e3o exacerbada dos recursos naturais e a gan\u00e2ncia do capitalismo. Ainda sobre o tema, os dirigentes destacaram quest\u00f5es relacionadas \u00e0 Venezuela; sobre a persegui\u00e7\u00e3o \u00e0s lideran\u00e7as pol\u00edticas; al\u00e9m da polariza\u00e7\u00e3o da pol\u00edtica em v\u00e1rios pa\u00edses.<\/p>\n<p>O plen\u00e1rio deliberou que \u00e9 preciso garantir e ampliar a unidade para o enfrentamento do imperialismo, dos governos capitalistas, a criminaliza\u00e7\u00e3o dos movimentos sociais, al\u00e9m da destrui\u00e7\u00e3o do meio ambiente e todos os ataques \u00e0 classe trabalhadora. As resolu\u00e7\u00f5es aprovadas ao final das defesas, foram 1, 4, 10 e 11, os resolves das resolu\u00e7\u00f5es 6 e 7, al\u00e9m dos adendos 4 e 8.<\/p>\n<p>Durante a defesa da resolu\u00e7\u00e3o 3, sobre conjuntura internacional, Antonio Gon\u00e7alves, presidente do ANDES-SN, afirmou que \u201co capitalismo vive uma das suas maiores crises desde 1929 e n\u00e3o encontrou uma solu\u00e7\u00e3o definitiva para a mesma. Indicamos a constru\u00e7\u00e3o de uma rede internacional de solidariedade da classe trabalhadora frente \u00e0 intensifica\u00e7\u00e3o do autoritarismo, dos ataques aos nossos direitos e ao meio ambiente\u201d, pontuou o presidente do Sindicato Nacional.<\/p>\n<p><em>Fonte: Andes-SN<\/em><\/p>\n","protected":false},"excerpt":{"rendered":"<p>As delegadas e delegados presentes no segundo dia do IV Congresso da CSP-Conlutas iniciaram os trabalhos aprovando as resolu\u00e7\u00f5es pol\u00edticas que direcionam o posicionamento da central sobre as conjunturas nacional e internacional. Dezenas de propostas de resolu\u00e7\u00f5es foram apresentadas e discutidas em dez grupos de trabalho espalhadas pelo local do evento. As resolu\u00e7\u00f5es aprovadas por&hellip;<\/p>\n","protected":false},"author":3,"featured_media":0,"comment_status":"closed","ping_status":"closed","sticky":false,"template":"","format":"standard","meta":{"footnotes":""},"categories":[15],"tags":[100,287],"class_list":["post-21433","post","type-post","status-publish","format-standard","hentry","category-noticias","tag-congresso","tag-csp-conlutas","category-15","description-off"],"_links":{"self":[{"href":"https:\/\/www.adufpb.org.br\/site\/wp-json\/wp\/v2\/posts\/21433","targetHints":{"allow":["GET"]}}],"collection":[{"href":"https:\/\/www.adufpb.org.br\/site\/wp-json\/wp\/v2\/posts"}],"about":[{"href":"https:\/\/www.adufpb.org.br\/site\/wp-json\/wp\/v2\/types\/post"}],"author":[{"embeddable":true,"href":"https:\/\/www.adufpb.org.br\/site\/wp-json\/wp\/v2\/users\/3"}],"replies":[{"embeddable":true,"href":"https:\/\/www.adufpb.org.br\/site\/wp-json\/wp\/v2\/comments?post=21433"}],"version-history":[{"count":2,"href":"https:\/\/www.adufpb.org.br\/site\/wp-json\/wp\/v2\/posts\/21433\/revisions"}],"predecessor-version":[{"id":21437,"href":"https:\/\/www.adufpb.org.br\/site\/wp-json\/wp\/v2\/posts\/21433\/revisions\/21437"}],"wp:attachment":[{"href":"https:\/\/www.adufpb.org.br\/site\/wp-json\/wp\/v2\/media?parent=21433"}],"wp:term":[{"taxonomy":"category","embeddable":true,"href":"https:\/\/www.adufpb.org.br\/site\/wp-json\/wp\/v2\/categories?post=21433"},{"taxonomy":"post_tag","embeddable":true,"href":"https:\/\/www.adufpb.org.br\/site\/wp-json\/wp\/v2\/tags?post=21433"}],"curies":[{"name":"wp","href":"https:\/\/api.w.org\/{rel}","templated":true}]}}