{"id":21363,"date":"2019-09-23T10:43:30","date_gmt":"2019-09-23T13:43:30","guid":{"rendered":"http:\/\/www.adufpb.org.br\/site\/?p=21363"},"modified":"2019-09-23T10:43:46","modified_gmt":"2019-09-23T13:43:46","slug":"foucault-no-brasil-conferencia-acontece-neste-dia-249-no-cchla","status":"publish","type":"post","link":"https:\/\/www.adufpb.org.br\/site\/foucault-no-brasil-conferencia-acontece-neste-dia-249-no-cchla\/","title":{"rendered":"FOUCAULT NO BRASIL &#8211; Confer\u00eancia acontece neste dia 24\/9, no CCHLA"},"content":{"rendered":"<p><a href=\"http:\/\/www.adufpb.org.br\/site\/wp-content\/uploads\/2019\/09\/WhatsApp-Image-2019-09-20-at-12.02.04.jpeg\"><img loading=\"lazy\" decoding=\"async\" class=\"alignleft size-medium wp-image-21364\" alt=\"WhatsApp Image 2019-09-20 at 12.02.04\" src=\"http:\/\/www.adufpb.org.br\/site\/wp-content\/uploads\/2019\/09\/WhatsApp-Image-2019-09-20-at-12.02.04-211x300.jpeg\" width=\"211\" height=\"300\" srcset=\"https:\/\/www.adufpb.org.br\/site\/wp-content\/uploads\/2019\/09\/WhatsApp-Image-2019-09-20-at-12.02.04-211x300.jpeg 211w, https:\/\/www.adufpb.org.br\/site\/wp-content\/uploads\/2019\/09\/WhatsApp-Image-2019-09-20-at-12.02.04-721x1024.jpeg 721w, https:\/\/www.adufpb.org.br\/site\/wp-content\/uploads\/2019\/09\/WhatsApp-Image-2019-09-20-at-12.02.04.jpeg 902w\" sizes=\"auto, (max-width: 211px) 100vw, 211px\" \/><\/a>O Programa de P\u00f3s-gradua\u00e7\u00e3o em Filosofia da UFPB e o Grupo de Pesquisa sobre Leibniz e o Leibnizianismo no Brasil promover\u00e3o na pr\u00f3xima ter\u00e7a-feira, 24\/09, a confer\u00eancia \u201cFoucaut no Brasil\u201d, com o conferencista Anderson Aparecido de Lima da Silva, professor doutor da Universidade de S\u00e3o Paulo (USP), que desenvolve pesquisas relativas ao pensamento contempor\u00e2neo de express\u00e3o francesa, concentrando-se notadamente<\/p>\n<p>nos trabalhos de Michel Foucault.\u00a0 A confer\u00eancia ser\u00e1 mediada pelo professor Cristiano Bonneau, presidente da ADUFPB.\u00a0O evento ser\u00e1 realizado no LEPES\/ CCHLA\/UFPB, as 15 horas, no campus de Jo\u00e3o Pessoa. A confer\u00eancia \u00e9 aberta para toda a comunidade da UFPB.<\/p>\n<p>O evento tamb\u00e9m \u00e9 organizado pelo Departamento de Ci\u00eancias Sociais (CCAE) da UFPB, pelo Grupo de Estudos em Filosofia e Cr\u00edtica Social e pela ADUFPB, sindicato dos docentes da UFPB.<\/p>\n","protected":false},"excerpt":{"rendered":"<p>O Programa de P\u00f3s-gradua\u00e7\u00e3o em Filosofia da UFPB e o Grupo de Pesquisa sobre Leibniz e o Leibnizianismo no Brasil promover\u00e3o na pr\u00f3xima ter\u00e7a-feira, 24\/09, a confer\u00eancia \u201cFoucaut no Brasil\u201d, com o conferencista Anderson Aparecido de Lima da Silva, professor doutor da Universidade de S\u00e3o Paulo (USP), que desenvolve pesquisas relativas ao pensamento contempor\u00e2neo de&hellip;<\/p>\n","protected":false},"author":4,"featured_media":0,"comment_status":"closed","ping_status":"closed","sticky":false,"template":"","format":"standard","meta":{"footnotes":""},"categories":[1,15],"tags":[],"class_list":["post-21363","post","type-post","status-publish","format-standard","hentry","category-agenda","category-noticias","category-1","category-15","description-off"],"_links":{"self":[{"href":"https:\/\/www.adufpb.org.br\/site\/wp-json\/wp\/v2\/posts\/21363","targetHints":{"allow":["GET"]}}],"collection":[{"href":"https:\/\/www.adufpb.org.br\/site\/wp-json\/wp\/v2\/posts"}],"about":[{"href":"https:\/\/www.adufpb.org.br\/site\/wp-json\/wp\/v2\/types\/post"}],"author":[{"embeddable":true,"href":"https:\/\/www.adufpb.org.br\/site\/wp-json\/wp\/v2\/users\/4"}],"replies":[{"embeddable":true,"href":"https:\/\/www.adufpb.org.br\/site\/wp-json\/wp\/v2\/comments?post=21363"}],"version-history":[{"count":1,"href":"https:\/\/www.adufpb.org.br\/site\/wp-json\/wp\/v2\/posts\/21363\/revisions"}],"predecessor-version":[{"id":21365,"href":"https:\/\/www.adufpb.org.br\/site\/wp-json\/wp\/v2\/posts\/21363\/revisions\/21365"}],"wp:attachment":[{"href":"https:\/\/www.adufpb.org.br\/site\/wp-json\/wp\/v2\/media?parent=21363"}],"wp:term":[{"taxonomy":"category","embeddable":true,"href":"https:\/\/www.adufpb.org.br\/site\/wp-json\/wp\/v2\/categories?post=21363"},{"taxonomy":"post_tag","embeddable":true,"href":"https:\/\/www.adufpb.org.br\/site\/wp-json\/wp\/v2\/tags?post=21363"}],"curies":[{"name":"wp","href":"https:\/\/api.w.org\/{rel}","templated":true}]}}