{"id":21217,"date":"2019-09-10T10:59:35","date_gmt":"2019-09-10T13:59:35","guid":{"rendered":"http:\/\/www.adufpb.org.br\/site\/?p=21217"},"modified":"2019-09-10T10:59:35","modified_gmt":"2019-09-10T13:59:35","slug":"estudantes-ocupam-reitoria-da-uffs-em-protesto-contra-nomeacao-de-reitor","status":"publish","type":"post","link":"https:\/\/www.adufpb.org.br\/site\/estudantes-ocupam-reitoria-da-uffs-em-protesto-contra-nomeacao-de-reitor\/","title":{"rendered":"Estudantes ocupam reitoria da UFFS em protesto contra nomea\u00e7\u00e3o de reitor"},"content":{"rendered":"<p><a href=\"http:\/\/www.adufpb.org.br\/site\/wp-content\/uploads\/2019\/09\/eu-vejo-o-future-se-repetir-o-passado.png\"><img loading=\"lazy\" decoding=\"async\" class=\"alignright size-medium wp-image-21218\" alt=\"eu vejo o future-se repetir o passado\" src=\"http:\/\/www.adufpb.org.br\/site\/wp-content\/uploads\/2019\/09\/eu-vejo-o-future-se-repetir-o-passado-300x275.png\" width=\"300\" height=\"275\" srcset=\"https:\/\/www.adufpb.org.br\/site\/wp-content\/uploads\/2019\/09\/eu-vejo-o-future-se-repetir-o-passado-300x275.png 300w, https:\/\/www.adufpb.org.br\/site\/wp-content\/uploads\/2019\/09\/eu-vejo-o-future-se-repetir-o-passado.png 536w\" sizes=\"auto, (max-width: 300px) 100vw, 300px\" \/><\/a>A reitoria do campus Chapec\u00f3 da Universidade Federal da Fronteira Sul (UFFS) foi ocupada por estudantes da institui\u00e7\u00e3o no dia 30 de agosto. Cerca de 300 alunos mant\u00eam a ocupa\u00e7\u00e3o contra a nomea\u00e7\u00e3o do reitor Marcelo Recktenvald, terceiro colocado na lista tr\u00edplice.<\/p>\n<p>O processo de escolha da composi\u00e7\u00e3o da lista tr\u00edplice para reitoria da universidade \u2013 o segundo na hist\u00f3ria da institui\u00e7\u00e3o \u2013 teve o primeiro turno realizado em 29 de abril deste ano. O processo de consulta pr\u00e9via contou com quatro capas inscritas e participa\u00e7\u00e3o de mais de 6 mil pessoas. Marcelo Recktenvald teve apenas cerca de 21% do total de votos, ficando em terceiro lugar, e nem chegou a participar do segundo turno do processo, realizado em 28 de maio, onde o professor Anderson Ribeiro venceu em primeiro lugar com 54%; e Ant\u00f4nio Andriole foi o segundo colocado com 45% dos votos v\u00e1lidos.<\/p>\n<p>A nomea\u00e7\u00e3o \u00e9 repudiada pelos estudantes por ferir a autonomia e a democracia acad\u00eamica. Os alunos da UFFS, tamb\u00e9m, se manifestam contr\u00e1rios \u00e0 proposta do MEC que submete as universidades ao controle de organiza\u00e7\u00f5es sociais (OS), financiadas por um fundo a ser criado, o chamado Future-se.<\/p>\n<p>A equipe de transi\u00e7\u00e3o da reitoria entrou com pedido de reintegra\u00e7\u00e3o de posse do pr\u00e9dio onde se localiza a reitoria. Segundo nota da institui\u00e7\u00e3o, o processo est\u00e1 sendo encaminhando pela Procuradoria Federal.<\/p>\n<p>A UFFS tem seis campi no Sul do Brasil. Al\u00e9m de Chapec\u00f3 e Cerro Largo, a institui\u00e7\u00e3o est\u00e1 presente em Erechim e Passo Fundo, no Rio Grande do Sul, e em Realeza e Laranjeiras do Sul, no Paran\u00e1. Ao todo s\u00e3o mais de 8.6 mil estudantes matriculados, divididos em 44 cursos de gradua\u00e7\u00e3o, 15 mestrados e dois doutorados.<\/p>\n<p><em>Fonte: Andes-SN<\/em><\/p>\n","protected":false},"excerpt":{"rendered":"<p>A reitoria do campus Chapec\u00f3 da Universidade Federal da Fronteira Sul (UFFS) foi ocupada por estudantes da institui\u00e7\u00e3o no dia 30 de agosto. Cerca de 300 alunos mant\u00eam a ocupa\u00e7\u00e3o contra a nomea\u00e7\u00e3o do reitor Marcelo Recktenvald, terceiro colocado na lista tr\u00edplice. O processo de escolha da composi\u00e7\u00e3o da lista tr\u00edplice para reitoria da universidade&hellip;<\/p>\n","protected":false},"author":3,"featured_media":0,"comment_status":"closed","ping_status":"closed","sticky":false,"template":"","format":"standard","meta":{"footnotes":""},"categories":[15],"tags":[566,1264,731],"class_list":["post-21217","post","type-post","status-publish","format-standard","hentry","category-noticias","tag-estudantes","tag-future-se","tag-ocupacao","category-15","description-off"],"_links":{"self":[{"href":"https:\/\/www.adufpb.org.br\/site\/wp-json\/wp\/v2\/posts\/21217","targetHints":{"allow":["GET"]}}],"collection":[{"href":"https:\/\/www.adufpb.org.br\/site\/wp-json\/wp\/v2\/posts"}],"about":[{"href":"https:\/\/www.adufpb.org.br\/site\/wp-json\/wp\/v2\/types\/post"}],"author":[{"embeddable":true,"href":"https:\/\/www.adufpb.org.br\/site\/wp-json\/wp\/v2\/users\/3"}],"replies":[{"embeddable":true,"href":"https:\/\/www.adufpb.org.br\/site\/wp-json\/wp\/v2\/comments?post=21217"}],"version-history":[{"count":1,"href":"https:\/\/www.adufpb.org.br\/site\/wp-json\/wp\/v2\/posts\/21217\/revisions"}],"predecessor-version":[{"id":21219,"href":"https:\/\/www.adufpb.org.br\/site\/wp-json\/wp\/v2\/posts\/21217\/revisions\/21219"}],"wp:attachment":[{"href":"https:\/\/www.adufpb.org.br\/site\/wp-json\/wp\/v2\/media?parent=21217"}],"wp:term":[{"taxonomy":"category","embeddable":true,"href":"https:\/\/www.adufpb.org.br\/site\/wp-json\/wp\/v2\/categories?post=21217"},{"taxonomy":"post_tag","embeddable":true,"href":"https:\/\/www.adufpb.org.br\/site\/wp-json\/wp\/v2\/tags?post=21217"}],"curies":[{"name":"wp","href":"https:\/\/api.w.org\/{rel}","templated":true}]}}