{"id":21212,"date":"2019-09-10T10:54:00","date_gmt":"2019-09-10T13:54:00","guid":{"rendered":"http:\/\/www.adufpb.org.br\/site\/?p=21212"},"modified":"2019-09-10T10:54:00","modified_gmt":"2019-09-10T13:54:00","slug":"setembro-amarelo-mes-de-prevencao-ao-suicidio","status":"publish","type":"post","link":"https:\/\/www.adufpb.org.br\/site\/setembro-amarelo-mes-de-prevencao-ao-suicidio\/","title":{"rendered":"Setembro Amarelo: m\u00eas de preven\u00e7\u00e3o ao suic\u00eddio"},"content":{"rendered":"<div id=\"noticia-descricao\">\n<p><a href=\"http:\/\/www.adufpb.org.br\/site\/wp-content\/uploads\/2019\/09\/setembro-amarelo.jpg\"><img loading=\"lazy\" decoding=\"async\" class=\"alignright size-medium wp-image-21213\" alt=\"setembro amarelo\" src=\"http:\/\/www.adufpb.org.br\/site\/wp-content\/uploads\/2019\/09\/setembro-amarelo-300x300.jpg\" width=\"300\" height=\"300\" srcset=\"https:\/\/www.adufpb.org.br\/site\/wp-content\/uploads\/2019\/09\/setembro-amarelo-300x300.jpg 300w, https:\/\/www.adufpb.org.br\/site\/wp-content\/uploads\/2019\/09\/setembro-amarelo-150x150.jpg 150w, https:\/\/www.adufpb.org.br\/site\/wp-content\/uploads\/2019\/09\/setembro-amarelo-1024x1024.jpg 1024w, https:\/\/www.adufpb.org.br\/site\/wp-content\/uploads\/2019\/09\/setembro-amarelo.jpg 1200w\" sizes=\"auto, (max-width: 300px) 100vw, 300px\" \/><\/a>Assunto inc\u00f4modo \u00e0 sociedade, o suic\u00eddio e os fatores que levam uma pessoa a tirar a pr\u00f3pria vida v\u00eam ganhando aten\u00e7\u00e3o. Embora ainda seja tabu, h\u00e1 consenso de que o tema precisa ser discutido para ser prevenido.<\/p>\n<p>Uma das estrat\u00e9gias de preven\u00e7\u00e3o ao suic\u00eddio \u00e9 a campanha Setembro Amarelo. Lan\u00e7ada nacionalmente, em 2015, a iniciativa do Centro de Valoriza\u00e7\u00e3o da Vida (CVV), do Conselho Federal de Medicina (CFM) e da Associa\u00e7\u00e3o Brasileira de Psiquiatria (ABP) tem como objetivo pautar o tema intensamente durante este m\u00eas, j\u00e1 que no dia 10 de setembro \u00e9 celebrado o Dia Mundial de Preven\u00e7\u00e3o do Suic\u00eddio. A Campanha visa \u00e0 divulga\u00e7\u00e3o dos fatores de risco e precipitantes, estrat\u00e9gias de preven\u00e7\u00e3o e interven\u00e7\u00e3o.<\/p>\n<p>A cada 40 segundos, uma pessoa se suicida no planeta. Problema \u00e9 a segunda maior causa de morte entre pessoas de 15 a 29 anos de idade. Os n\u00fameros foram divulgados em setembro de 2018, pela Organiza\u00e7\u00e3o Mundial da Sa\u00fade (OMS).<\/p>\n<p>De acordo com o organismo internacional, todos os pa\u00edses, sejam eles ricos ou pobres, registram casos de suic\u00eddio. Mas quase 80% desses \u00f3bitos s\u00e3o identificados em na\u00e7\u00f5es de renda baixa e m\u00e9dia, segundo dados de 2016. A maioria das ocorr\u00eancias acontece em zonas rurais e agr\u00edcolas. Ainda de segundo a OMS, o Brasil \u00e9 apontado como o 8\u00ba pa\u00eds em incid\u00eancia de suic\u00eddio no mundo, com mais de 11 mil registros anuais.<\/p>\n<p>A tem\u00e1tica tamb\u00e9m ganhou visibilidade no ambiente universit\u00e1rio, com a amplia\u00e7\u00e3o de casos de suic\u00eddio de estudantes, t\u00e9cnicos e docentes. No entanto, ainda n\u00e3o h\u00e1 estudos detalhados, que mensurem nacionalmente o problema e aprofundem o debate na comunidade acad\u00eamica.<\/p>\n<p>K\u00e1tia Vallina, 1\u00aa vice-presidente da Regional Norte I do ANDES-SN e da coordena\u00e7\u00e3o do Grupo de Trabalho de Seguridade Social e Assuntos de Aposentadoria (GTSSA), ressalta que o suic\u00eddio \u00e9 um problema de sa\u00fade p\u00fablica e precisa ser abordado como tal. \u201cOs caminhos que levam ao suic\u00eddio s\u00e3o variados, mas uma palavra define o quadro que antecede a decis\u00e3o de tirar a pr\u00f3pria vida, a crise, seja ela de qualquer natureza\u201d, ressalta.<\/p>\n<p>A diretora do Sindicato Nacional aponta ainda que uma pesquisa divulgada pelo ANDES-SN e pela Adufpa-Se\u00e7\u00e3o Sindical, de 2014, por exemplo, evidenciou que condi\u00e7\u00f5es de trabalho adversas, oriundas da imposi\u00e7\u00e3o do produtivismo acad\u00eamico, podem levar docentes ao adoecimento mental.<\/p>\n<p>\u201cH\u00e1 in\u00fameros casos, nos \u00faltimos anos, de suic\u00eddio entre docentes, discentes e t\u00e9cnicos, e por essa raz\u00e3o, o ANDES-SN aprovou inserir-se na Campanha do setembro amarelo, por entender, que \u00e9 imprescind\u00edvel refor\u00e7ar a\u00e7\u00f5es preventivas ao suic\u00eddio no \u00e2mbito acad\u00eamico\u201d, explica.<\/p>\n<p>No 38\u00ba Congresso do ANDES-SN, realizado no in\u00edcio do ano em Bel\u00e9m (PA), os participantes aprovaram \u201cinserir na agenda dos Setores das Institui\u00e7\u00f5es Federais (Ifes), Estaduais e Municipais (Iees\/Imes) do ANDES-SN uma campanha de sensibiliza\u00e7\u00e3o e de preven\u00e7\u00e3o ao suic\u00eddio nas Institui\u00e7\u00f5es de Ensino Superior (IES) no m\u00eas de setembro\u201d. A delibera\u00e7\u00e3o foi refor\u00e7ada no 64\u00ba Conad, que aconteceu em julho em Bras\u00edlia (DF).<\/p>\n<p>De acordo com o texto de apoio apresentado para discuss\u00e3o no 38\u00ba Congresso, \u201ca atual conjuntura sinaliza para o aprofundamento das perdas de direitos sociais, da persegui\u00e7\u00e3o ideol\u00f3gica e do denuncismo contidos em projetos como o \u201cEscola sem Partido\u201d, que estimula o ass\u00e9dio moral e a criminaliza\u00e7\u00e3o, e tendem a agravar esse quadro do adoecimento docente na medida em que desrespeita a liberdade de express\u00e3o e de c\u00e1tedra dos(as) professores(as)&#8221;.<\/p>\n<p>Nesse sentido, a diretoria do ANDES-SN refor\u00e7a a necessidade das Se\u00e7\u00f5es Sindicais e as Secretarias Regionais promoverem debates e mobiliza\u00e7\u00f5es nas universidades, institutos federais e Cefets. A\u00e7\u00f5es preventivas podem contribuir para evitar o suic\u00eddio e tamb\u00e9m ajudar a identificar e tratar sintomas de adoecimento mental.<\/p>\n<p><strong>Confira algumas:<\/strong><\/p>\n<p>\u2022 Palestras e Workshops para promover a cultura de valoriza\u00e7\u00e3o da sa\u00fade mental;<br \/>\n\u2022 Atendimento psicol\u00f3gico e terap\u00eautico individual;<br \/>\n\u2022 Cria\u00e7\u00e3o de canais de comunica\u00e7\u00e3o entre a comunidade acad\u00eamica;<br \/>\n\u2022 Constru\u00e7\u00e3o de banco de dados com n\u00famero dos casos de suic\u00eddio e tentativas entre estudantes e professores;<br \/>\n\u2022 Orienta\u00e7\u00e3o para que os professores\/servidores sejam capazes de identificar estudantes ou trabalhadores que est\u00e3o passando por sofrimento mental para saber como lidar com a situa\u00e7\u00e3o e para onde encaminha-los.<\/p>\n<\/div>\n<div id=\"share-buttons\"><em>Fonte: Andes-SN<\/em><\/div>\n","protected":false},"excerpt":{"rendered":"<p>Assunto inc\u00f4modo \u00e0 sociedade, o suic\u00eddio e os fatores que levam uma pessoa a tirar a pr\u00f3pria vida v\u00eam ganhando aten\u00e7\u00e3o. Embora ainda seja tabu, h\u00e1 consenso de que o tema precisa ser discutido para ser prevenido. Uma das estrat\u00e9gias de preven\u00e7\u00e3o ao suic\u00eddio \u00e9 a campanha Setembro Amarelo. Lan\u00e7ada nacionalmente, em 2015, a iniciativa&hellip;<\/p>\n","protected":false},"author":3,"featured_media":0,"comment_status":"closed","ping_status":"closed","sticky":false,"template":"","format":"standard","meta":{"footnotes":""},"categories":[15],"tags":[1281],"class_list":["post-21212","post","type-post","status-publish","format-standard","hentry","category-noticias","tag-setembro-amarelo","category-15","description-off"],"_links":{"self":[{"href":"https:\/\/www.adufpb.org.br\/site\/wp-json\/wp\/v2\/posts\/21212","targetHints":{"allow":["GET"]}}],"collection":[{"href":"https:\/\/www.adufpb.org.br\/site\/wp-json\/wp\/v2\/posts"}],"about":[{"href":"https:\/\/www.adufpb.org.br\/site\/wp-json\/wp\/v2\/types\/post"}],"author":[{"embeddable":true,"href":"https:\/\/www.adufpb.org.br\/site\/wp-json\/wp\/v2\/users\/3"}],"replies":[{"embeddable":true,"href":"https:\/\/www.adufpb.org.br\/site\/wp-json\/wp\/v2\/comments?post=21212"}],"version-history":[{"count":1,"href":"https:\/\/www.adufpb.org.br\/site\/wp-json\/wp\/v2\/posts\/21212\/revisions"}],"predecessor-version":[{"id":21214,"href":"https:\/\/www.adufpb.org.br\/site\/wp-json\/wp\/v2\/posts\/21212\/revisions\/21214"}],"wp:attachment":[{"href":"https:\/\/www.adufpb.org.br\/site\/wp-json\/wp\/v2\/media?parent=21212"}],"wp:term":[{"taxonomy":"category","embeddable":true,"href":"https:\/\/www.adufpb.org.br\/site\/wp-json\/wp\/v2\/categories?post=21212"},{"taxonomy":"post_tag","embeddable":true,"href":"https:\/\/www.adufpb.org.br\/site\/wp-json\/wp\/v2\/tags?post=21212"}],"curies":[{"name":"wp","href":"https:\/\/api.w.org\/{rel}","templated":true}]}}