{"id":21202,"date":"2019-09-05T15:57:51","date_gmt":"2019-09-05T18:57:51","guid":{"rendered":"http:\/\/www.adufpb.org.br\/site\/?p=21202"},"modified":"2019-09-09T15:47:46","modified_gmt":"2019-09-09T18:47:46","slug":"sessao-de-bruna-surfistinha-na-ufpb-tera-carater-de-desagravo-a-ancine","status":"publish","type":"post","link":"https:\/\/www.adufpb.org.br\/site\/sessao-de-bruna-surfistinha-na-ufpb-tera-carater-de-desagravo-a-ancine\/","title":{"rendered":"Sess\u00e3o de \u201cBruna Surfistinha\u201d na UFPB ter\u00e1 car\u00e1ter de \u201cdesagravo \u00e0 Ancine\u201d"},"content":{"rendered":"<p dir=\"ltr\" id=\"docs-internal-guid-b9d4c97d-7fff-e87c-bf75-cb13c8eb14d8\"><a href=\"http:\/\/www.adufpb.org.br\/site\/wp-content\/uploads\/2019\/09\/bruna-surfistinha.jpeg\"><img loading=\"lazy\" decoding=\"async\" class=\"alignright size-medium wp-image-21203\" alt=\"bruna surfistinha\" src=\"http:\/\/www.adufpb.org.br\/site\/wp-content\/uploads\/2019\/09\/bruna-surfistinha-213x300.jpeg\" width=\"213\" height=\"300\" srcset=\"https:\/\/www.adufpb.org.br\/site\/wp-content\/uploads\/2019\/09\/bruna-surfistinha-213x300.jpeg 213w, https:\/\/www.adufpb.org.br\/site\/wp-content\/uploads\/2019\/09\/bruna-surfistinha-728x1024.jpeg 728w, https:\/\/www.adufpb.org.br\/site\/wp-content\/uploads\/2019\/09\/bruna-surfistinha.jpeg 910w\" sizes=\"auto, (max-width: 213px) 100vw, 213px\" \/><\/a>O filme \u201cBruna Surfistinha\u201d, do diretor Marcus Baldini, ter\u00e1 uma exibi\u00e7\u00e3o especial nesta quarta-feira, dia 11, \u00e0s 18h30, no Cine Aruanda do CCTA-UFPB. A sess\u00e3o faz parte das atividades do Projeto de Extens\u00e3o \u201cAruandando no Campus\u201d, com chancela desta vez do Sindicato dos Professores da UFPB (ADUFPB) e apoio dos departamentos de Cinema e M\u00eddias Digitais da institui\u00e7\u00e3o.<\/p>\n<p dir=\"ltr\">Antes do longa-metragem, ser\u00e1 exibido o curta-metragem \u201cKohbak \u2013 A maldi\u00e7\u00e3o da c\u00e2mera vermelha\u201d, de L\u00facio Vilar, que trata da exonera\u00e7\u00e3o sum\u00e1ria do cineasta Linduarte Noronha dos quadros da UFPB logo em seguida\u00a0 golpe de 1964, o que n\u00e3o deixa de compor um recorte sobre o processo de \u201cca\u00e7a \u00e0s bruxas\u201d desencadeado no interior da universidade, naquela \u00e9poca, e que resultou em dezenas de demiss\u00f5es e expurgo de servidores, docentes e alunos.<\/p>\n<p dir=\"ltr\">\u201cFoi um desmonte cultural generalizado e isso \u00e9 pouco conhecido das novas gera\u00e7\u00f5es, da\u00ed a import\u00e2ncia de rever esse document\u00e1rio que j\u00e1 tem dez anos de sua realiza\u00e7\u00e3o, mas, por incr\u00edvel que pare\u00e7a, novas a\u00e7\u00f5es e intimida\u00e7\u00f5es nos levam de volta a esse passado abjeto que imagin\u00e1vamos superado\u201d, disse Vilar a respeito dessa exibi\u00e7\u00e3o antes do filme principal.<\/p>\n<p dir=\"ltr\">E \u00e9 exatamente este o sentido dessa atividade que ter\u00e1 car\u00e1ter de \u201cdesagravo \u00e0 Ag\u00eancia Nacional de Cinema (Ancine)\u201d, que enfrenta, nesse momento, ataques sucessivos \u00e0 sua autonomia e funcionamento enquanto \u00f3rg\u00e3o de fomento e regulador das atividades cinematogr\u00e1ficas e audiovisuais no pa\u00eds.<\/p>\n<p dir=\"ltr\">Segundo o diretor da ADUFPB, Marcelo Sitcovsky, que participar\u00e1 do debate ap\u00f3s a exibi\u00e7\u00e3o do filme, iniciativas como essa sempre ter\u00e3o o apoio da entidade. \u201c\u00c9 fundamental a defesa das liberdades democr\u00e1ticas, da produ\u00e7\u00e3o do conhecimento e da produ\u00e7\u00e3o art\u00edstica. E, neste momento, o Brasil vive uma das piores fases da sua hist\u00f3ria, considerando a tentativa por parte do governo de intimidar e censurar a cria\u00e7\u00e3o est\u00e9tica, a produ\u00e7\u00e3o do conhecimento. E estaremos sempre \u00e0 frente da defesa das liberdades democr\u00e1ticas\u201d, declarou.<\/p>\n<p dir=\"ltr\"><strong>Debate<\/strong><\/p>\n<p dir=\"ltr\">Logo em seguida \u00e0 exibi\u00e7\u00e3o de \u201cBruna Surfistinha\u201d, ser\u00e1 realizado um debate que reunir\u00e1 na mesa os professores Fernando Trevas (Cinema), Marcelo Sitcovsky (Servi\u00e7o Social), Sandra Luna (Letras), Abra\u00e3o Bahia (F\u00f3rum do Audiovisual) e Lusa Maria Silva (Associa\u00e7\u00e3o de Prostitutas da Para\u00edba).<\/p>\n<p dir=\"ltr\">A ideia \u00e9 refletir sobre as novas tentativas de inger\u00eancia na produ\u00e7\u00e3o audiovisual brasileira a partir de um vi\u00e9s conservador que se se configura, na pr\u00e1tica, como censura, o que representa um retrocesso grav\u00edssimo que precisa ser repelido pela academia e por todos os segmentos da sociedade civil empenhados na defesa da democracia e do Estado de Direito.<\/p>\n<p dir=\"ltr\"><strong>AGENDE-SE<\/strong><\/p>\n<p dir=\"ltr\"><em>Exibi\u00e7\u00e3o do filme Bruna Surfistinha<\/em><\/p>\n<p>Data: dia 11 de setembro, quarta-feira<\/p>\n<p dir=\"ltr\">Hor\u00e1rio: 18h30<\/p>\n<p dir=\"ltr\">Local: Cine Aruanda do CCTA-UFPB<\/p>\n<p><strong>Sinopse<\/strong><\/p>\n<p dir=\"ltr\">Raquel Pacheco era uma jovem da classe m\u00e9dia paulistana, que estudava em um col\u00e9gio tradicional da cidade. Certo dia ela tomou uma decis\u00e3o surpreendente: saiu de casa e resolveu virar garota de programa. Com o codinome &#8220;Bruna Surfistinha&#8221;, Raquel viveu diversas experi\u00eancias profissionais e ganhou destaque nacional ao contar suas aventuras sexuais e afetivas em um blog, que depois virou um livro e tornou-se um best seller.<\/p>\n","protected":false},"excerpt":{"rendered":"<p>O filme \u201cBruna Surfistinha\u201d, do diretor Marcus Baldini, ter\u00e1 uma exibi\u00e7\u00e3o especial nesta quarta-feira, dia 11, \u00e0s 18h30, no Cine Aruanda do CCTA-UFPB. A sess\u00e3o faz parte das atividades do Projeto de Extens\u00e3o \u201cAruandando no Campus\u201d, com chancela desta vez do Sindicato dos Professores da UFPB (ADUFPB) e apoio dos departamentos de Cinema e M\u00eddias&hellip;<\/p>\n","protected":false},"author":3,"featured_media":21203,"comment_status":"closed","ping_status":"closed","sticky":false,"template":"","format":"standard","meta":{"footnotes":""},"categories":[15,417],"tags":[],"class_list":["post-21202","post","type-post","status-publish","format-standard","has-post-thumbnail","hentry","category-noticias","category-noticias-destaque","category-15","category-417","description-off"],"_links":{"self":[{"href":"https:\/\/www.adufpb.org.br\/site\/wp-json\/wp\/v2\/posts\/21202","targetHints":{"allow":["GET"]}}],"collection":[{"href":"https:\/\/www.adufpb.org.br\/site\/wp-json\/wp\/v2\/posts"}],"about":[{"href":"https:\/\/www.adufpb.org.br\/site\/wp-json\/wp\/v2\/types\/post"}],"author":[{"embeddable":true,"href":"https:\/\/www.adufpb.org.br\/site\/wp-json\/wp\/v2\/users\/3"}],"replies":[{"embeddable":true,"href":"https:\/\/www.adufpb.org.br\/site\/wp-json\/wp\/v2\/comments?post=21202"}],"version-history":[{"count":2,"href":"https:\/\/www.adufpb.org.br\/site\/wp-json\/wp\/v2\/posts\/21202\/revisions"}],"predecessor-version":[{"id":21206,"href":"https:\/\/www.adufpb.org.br\/site\/wp-json\/wp\/v2\/posts\/21202\/revisions\/21206"}],"wp:featuredmedia":[{"embeddable":true,"href":"https:\/\/www.adufpb.org.br\/site\/wp-json\/wp\/v2\/media\/21203"}],"wp:attachment":[{"href":"https:\/\/www.adufpb.org.br\/site\/wp-json\/wp\/v2\/media?parent=21202"}],"wp:term":[{"taxonomy":"category","embeddable":true,"href":"https:\/\/www.adufpb.org.br\/site\/wp-json\/wp\/v2\/categories?post=21202"},{"taxonomy":"post_tag","embeddable":true,"href":"https:\/\/www.adufpb.org.br\/site\/wp-json\/wp\/v2\/tags?post=21202"}],"curies":[{"name":"wp","href":"https:\/\/api.w.org\/{rel}","templated":true}]}}