{"id":21151,"date":"2019-08-30T18:07:21","date_gmt":"2019-08-30T21:07:21","guid":{"rendered":"http:\/\/www.adufpb.org.br\/site\/?p=21151"},"modified":"2019-08-30T19:11:43","modified_gmt":"2019-08-30T22:11:43","slug":"sobre-o-decreto-n-9-991-de-28082019","status":"publish","type":"post","link":"https:\/\/www.adufpb.org.br\/site\/sobre-o-decreto-n-9-991-de-28082019\/","title":{"rendered":"Sobre o Decreto n. 9.991 de 28\/08\/2019"},"content":{"rendered":"<p>A Diretoria Executiva da ADUFPB tem recebido in\u00fameras solicita\u00e7\u00f5es de informa\u00e7\u00f5es e de avalia\u00e7\u00e3o sobre os efeitos do Decreto n\u00ba 9.991, de 28 de agosto de 2019. Considerando as demandas apresentadas, encaminhamos \u00e0 assessoria jur\u00eddica da entidade, assim como \u00e0 Diretoria do ANDES &#8211; Sindicato Nacional, solicita\u00e7\u00e3o de an\u00e1lise sobre o referido Decreto.<\/p>\n<p>A an\u00e1lise preliminar feita pelo coordenador do Grupo de Trabalho de Carreira Docente da Adufpb, o prof. Marcelo Sitcovsky, destacou que \u201cos efeitos precisam ser devidamente estudados com maior profundidade, mas j\u00e1 \u00e9 poss\u00edvel sinalizar que os efeitos passam a vigorar 30 dias ap\u00f3s o dia 6 de setembro. Sobre os efeitos nas remunera\u00e7\u00f5es durante as licen\u00e7as, ainda cabe uma an\u00e1lise mais cuidadosa, contudo avaliamos que, numa situa\u00e7\u00e3o de afastamento para capacita\u00e7\u00e3o, os docentes preservar\u00e3o os valores referentes ao vencimento b\u00e1sico e \u00e0 retribui\u00e7\u00e3o por titula\u00e7\u00e3o. Ainda precisamos avaliar com o devido cuidado para saber se as gratifica\u00e7\u00f5es permanecem ou s\u00e3o retiradas, pois o Decreto sinaliza a retirada, por\u00e9m h\u00e1 um dispositivo espec\u00edfico que abre a possibilidade de manuten\u00e7\u00e3o das gratifica\u00e7\u00f5es, desde que estejam relacionadas ao cargo\u201d.<\/p>\n<p>Cabe ainda ressaltar que, na avalia\u00e7\u00e3o da diretoria da Adufpb, existem instrumentos legais que podem ser acionados no sentido de manter as garantias e direitos que estejam sendo atacados pelo Decreto. Um deles \u00e9 o Decreto Legislativo, que pode ser acionado, por interm\u00e9dio de algum parlamentar, para sustar os efeitos de atos normativos do executivo. \u00c9 uma possibilidade que merece ser estudada e, se poss\u00edvel, acionada.<\/p>\n<p>Desde que tomamos conhecimento do Decreto, entramos em contato com a Secretaria Geral do Andes para solicitar uma avalia\u00e7\u00e3o jur\u00eddica da assessoria nacional, que, inclusive, est\u00e1 hoje na reuni\u00e3o do Coletivo de Advogados que atuam no servi\u00e7o p\u00fablico, e tamb\u00e9m sinalizamos a possibilidade de articular com algum parlamentar a propositura de Decreto Legislativo.<\/p>\n<p>Temos que lutar em todas as frentes para garantir os direitos da categoria e da sociedade em geral.<\/p>\n<p>Em breve socializaremos as an\u00e1lises mais apuradas sobre os efeitos do referido Decreto.<\/p>\n<p><a href=\"http:\/\/www.adufpb.org.br\/site\/wp-content\/uploads\/2019\/08\/DECRETO_N\u00ba_9.991_DE_28_DE_AGOSTO_DE_2019.pdf\" target=\"_blank\">Leia o decreto na \u00edntegra<\/a><\/p>\n<p><a href=\"http:\/\/www.adufpb.org.br\/site\/wp-content\/uploads\/2019\/08\/Anexo-Circ342-19.pdf\" target=\"_blank\">Leia an\u00e1lise feita pela assessoria jur\u00eddica do Andes &#8211; Sindicato Nacional<\/a><\/p>\n","protected":false},"excerpt":{"rendered":"<p>A Diretoria Executiva da ADUFPB tem recebido in\u00fameras solicita\u00e7\u00f5es de informa\u00e7\u00f5es e de avalia\u00e7\u00e3o sobre os efeitos do Decreto n\u00ba 9.991, de 28 de agosto de 2019. Considerando as demandas apresentadas, encaminhamos \u00e0 assessoria jur\u00eddica da entidade, assim como \u00e0 Diretoria do ANDES &#8211; Sindicato Nacional, solicita\u00e7\u00e3o de an\u00e1lise sobre o referido Decreto. A an\u00e1lise&hellip;<\/p>\n","protected":false},"author":3,"featured_media":0,"comment_status":"closed","ping_status":"closed","sticky":false,"template":"","format":"standard","meta":{"footnotes":""},"categories":[15],"tags":[],"class_list":["post-21151","post","type-post","status-publish","format-standard","hentry","category-noticias","category-15","description-off"],"_links":{"self":[{"href":"https:\/\/www.adufpb.org.br\/site\/wp-json\/wp\/v2\/posts\/21151","targetHints":{"allow":["GET"]}}],"collection":[{"href":"https:\/\/www.adufpb.org.br\/site\/wp-json\/wp\/v2\/posts"}],"about":[{"href":"https:\/\/www.adufpb.org.br\/site\/wp-json\/wp\/v2\/types\/post"}],"author":[{"embeddable":true,"href":"https:\/\/www.adufpb.org.br\/site\/wp-json\/wp\/v2\/users\/3"}],"replies":[{"embeddable":true,"href":"https:\/\/www.adufpb.org.br\/site\/wp-json\/wp\/v2\/comments?post=21151"}],"version-history":[{"count":5,"href":"https:\/\/www.adufpb.org.br\/site\/wp-json\/wp\/v2\/posts\/21151\/revisions"}],"predecessor-version":[{"id":21158,"href":"https:\/\/www.adufpb.org.br\/site\/wp-json\/wp\/v2\/posts\/21151\/revisions\/21158"}],"wp:attachment":[{"href":"https:\/\/www.adufpb.org.br\/site\/wp-json\/wp\/v2\/media?parent=21151"}],"wp:term":[{"taxonomy":"category","embeddable":true,"href":"https:\/\/www.adufpb.org.br\/site\/wp-json\/wp\/v2\/categories?post=21151"},{"taxonomy":"post_tag","embeddable":true,"href":"https:\/\/www.adufpb.org.br\/site\/wp-json\/wp\/v2\/tags?post=21151"}],"curies":[{"name":"wp","href":"https:\/\/api.w.org\/{rel}","templated":true}]}}